{"id":9988,"date":"2013-12-27T00:00:00","date_gmt":"2013-12-26T23:00:00","guid":{"rendered":"https:\/\/ayuntamientobenitatxell.lookishtg.com\/433-el-proyecto-de-senalizacion-de-la-urbanizacion-cumbre-del-sol-estara-expuesto-al-publico-hasta-el-3-de-febrero\/"},"modified":"2025-10-23T15:54:46","modified_gmt":"2025-10-23T13:54:46","slug":"433-el-proyecto-de-senalizacion-de-la-urbanizacion-cumbre-del-sol-estara-expuesto-al-publico-hasta-el-3-de-febrero","status":"publish","type":"post","link":"https:\/\/elpoblenoudebenitatxell.com\/va\/433-el-proyecto-de-senalizacion-de-la-urbanizacion-cumbre-del-sol-estara-expuesto-al-publico-hasta-el-3-de-febrero\/","title":{"rendered":"El proyecto de se\u00f1alizaci\u00f3n de la urbanizaci\u00f3n Cumbre del Sol estar\u00e1 expuesto al p\u00fablico hasta el 3 de febrero"},"content":{"rendered":"","protected":false},"excerpt":{"rendered":"","protected":false},"author":14,"featured_media":0,"comment_status":"closed","ping_status":"closed","sticky":false,"template":"","format":"standard","meta":{"footnotes":""},"categories":[77],"tags":[],"class_list":["post-9988","post","type-post","status-publish","format-standard","hentry","category-general"],"_links":{"self":[{"href":"https:\/\/elpoblenoudebenitatxell.com\/va\/wp-json\/wp\/v2\/posts\/9988","targetHints":{"allow":["GET"]}}],"collection":[{"href":"https:\/\/elpoblenoudebenitatxell.com\/va\/wp-json\/wp\/v2\/posts"}],"about":[{"href":"https:\/\/elpoblenoudebenitatxell.com\/va\/wp-json\/wp\/v2\/types\/post"}],"author":[{"embeddable":true,"href":"https:\/\/elpoblenoudebenitatxell.com\/va\/wp-json\/wp\/v2\/users\/14"}],"replies":[{"embeddable":true,"href":"https:\/\/elpoblenoudebenitatxell.com\/va\/wp-json\/wp\/v2\/comments?post=9988"}],"version-history":[{"count":1,"href":"https:\/\/elpoblenoudebenitatxell.com\/va\/wp-json\/wp\/v2\/posts\/9988\/revisions"}],"predecessor-version":[{"id":30117,"href":"https:\/\/elpoblenoudebenitatxell.com\/va\/wp-json\/wp\/v2\/posts\/9988\/revisions\/30117"}],"wp:attachment":[{"href":"https:\/\/elpoblenoudebenitatxell.com\/va\/wp-json\/wp\/v2\/media?parent=9988"}],"wp:term":[{"taxonomy":"category","embeddable":true,"href":"https:\/\/elpoblenoudebenitatxell.com\/va\/wp-json\/wp\/v2\/categories?post=9988"},{"taxonomy":"post_tag","embeddable":true,"href":"https:\/\/elpoblenoudebenitatxell.com\/va\/wp-json\/wp\/v2\/tags?post=9988"}],"curies":[{"name":"wp","href":"https:\/\/api.w.org\/{rel}","templated":true}]}}