{"id":9847,"date":"2014-10-14T00:00:00","date_gmt":"2014-10-13T22:00:00","guid":{"rendered":"https:\/\/ayuntamientobenitatxell.lookishtg.com\/292-empiezan-las-obras-para-la-ampliacion-de-la-principal-canalizacion-de-abastecimiento-hidrico-del-centro-urbano-de-el-poble-nou-de-benitatxell\/"},"modified":"2025-10-23T15:54:43","modified_gmt":"2025-10-23T13:54:43","slug":"292-empiezan-las-obras-para-la-ampliacion-de-la-principal-canalizacion-de-abastecimiento-hidrico-del-centro-urbano-de-el-poble-nou-de-benitatxell","status":"publish","type":"post","link":"https:\/\/elpoblenoudebenitatxell.com\/va\/292-empiezan-las-obras-para-la-ampliacion-de-la-principal-canalizacion-de-abastecimiento-hidrico-del-centro-urbano-de-el-poble-nou-de-benitatxell\/","title":{"rendered":"Empiezan las obras para la ampliaci\u00f3n de la principal canalizaci\u00f3n de abastecimiento h\u00eddrico del centro urbano de El Poble Nou de Benitatxell"},"content":{"rendered":"","protected":false},"excerpt":{"rendered":"","protected":false},"author":14,"featured_media":0,"comment_status":"closed","ping_status":"closed","sticky":false,"template":"","format":"standard","meta":{"footnotes":""},"categories":[77],"tags":[],"class_list":["post-9847","post","type-post","status-publish","format-standard","hentry","category-general"],"_links":{"self":[{"href":"https:\/\/elpoblenoudebenitatxell.com\/va\/wp-json\/wp\/v2\/posts\/9847","targetHints":{"allow":["GET"]}}],"collection":[{"href":"https:\/\/elpoblenoudebenitatxell.com\/va\/wp-json\/wp\/v2\/posts"}],"about":[{"href":"https:\/\/elpoblenoudebenitatxell.com\/va\/wp-json\/wp\/v2\/types\/post"}],"author":[{"embeddable":true,"href":"https:\/\/elpoblenoudebenitatxell.com\/va\/wp-json\/wp\/v2\/users\/14"}],"replies":[{"embeddable":true,"href":"https:\/\/elpoblenoudebenitatxell.com\/va\/wp-json\/wp\/v2\/comments?post=9847"}],"version-history":[{"count":1,"href":"https:\/\/elpoblenoudebenitatxell.com\/va\/wp-json\/wp\/v2\/posts\/9847\/revisions"}],"predecessor-version":[{"id":29976,"href":"https:\/\/elpoblenoudebenitatxell.com\/va\/wp-json\/wp\/v2\/posts\/9847\/revisions\/29976"}],"wp:attachment":[{"href":"https:\/\/elpoblenoudebenitatxell.com\/va\/wp-json\/wp\/v2\/media?parent=9847"}],"wp:term":[{"taxonomy":"category","embeddable":true,"href":"https:\/\/elpoblenoudebenitatxell.com\/va\/wp-json\/wp\/v2\/categories?post=9847"},{"taxonomy":"post_tag","embeddable":true,"href":"https:\/\/elpoblenoudebenitatxell.com\/va\/wp-json\/wp\/v2\/tags?post=9847"}],"curies":[{"name":"wp","href":"https:\/\/api.w.org\/{rel}","templated":true}]}}