{"id":9822,"date":"2014-11-25T00:00:00","date_gmt":"2014-11-24T23:00:00","guid":{"rendered":"https:\/\/ayuntamientobenitatxell.lookishtg.com\/267-los-ninos-y-las-ninas-de-el-poble-nou-de-benitatxell-dicen-no-a-la-violencia-de-genero-y-cierran-la-programacion-del-dia-internacional-con-la-lectura-de-un-manifiesto\/"},"modified":"2025-10-23T15:54:42","modified_gmt":"2025-10-23T13:54:42","slug":"267-los-ninos-y-las-ninas-de-el-poble-nou-de-benitatxell-dicen-no-a-la-violencia-de-genero-y-cierran-la-programacion-del-dia-internacional-con-la-lectura-de-un-manifiesto","status":"publish","type":"post","link":"https:\/\/elpoblenoudebenitatxell.com\/va\/267-los-ninos-y-las-ninas-de-el-poble-nou-de-benitatxell-dicen-no-a-la-violencia-de-genero-y-cierran-la-programacion-del-dia-internacional-con-la-lectura-de-un-manifiesto\/","title":{"rendered":"Los ni\u00f1os y las ni\u00f1as de El Poble Nou de Benitatxell dicen \u0093no\u0094 a la violencia de g\u00e9nero y cierran la programaci\u00f3n del D\u00eda Internacional con la lectura de un manifiesto"},"content":{"rendered":"","protected":false},"excerpt":{"rendered":"","protected":false},"author":14,"featured_media":0,"comment_status":"closed","ping_status":"closed","sticky":false,"template":"","format":"standard","meta":{"footnotes":""},"categories":[77],"tags":[],"class_list":["post-9822","post","type-post","status-publish","format-standard","hentry","category-general"],"_links":{"self":[{"href":"https:\/\/elpoblenoudebenitatxell.com\/va\/wp-json\/wp\/v2\/posts\/9822","targetHints":{"allow":["GET"]}}],"collection":[{"href":"https:\/\/elpoblenoudebenitatxell.com\/va\/wp-json\/wp\/v2\/posts"}],"about":[{"href":"https:\/\/elpoblenoudebenitatxell.com\/va\/wp-json\/wp\/v2\/types\/post"}],"author":[{"embeddable":true,"href":"https:\/\/elpoblenoudebenitatxell.com\/va\/wp-json\/wp\/v2\/users\/14"}],"replies":[{"embeddable":true,"href":"https:\/\/elpoblenoudebenitatxell.com\/va\/wp-json\/wp\/v2\/comments?post=9822"}],"version-history":[{"count":1,"href":"https:\/\/elpoblenoudebenitatxell.com\/va\/wp-json\/wp\/v2\/posts\/9822\/revisions"}],"predecessor-version":[{"id":29951,"href":"https:\/\/elpoblenoudebenitatxell.com\/va\/wp-json\/wp\/v2\/posts\/9822\/revisions\/29951"}],"wp:attachment":[{"href":"https:\/\/elpoblenoudebenitatxell.com\/va\/wp-json\/wp\/v2\/media?parent=9822"}],"wp:term":[{"taxonomy":"category","embeddable":true,"href":"https:\/\/elpoblenoudebenitatxell.com\/va\/wp-json\/wp\/v2\/categories?post=9822"},{"taxonomy":"post_tag","embeddable":true,"href":"https:\/\/elpoblenoudebenitatxell.com\/va\/wp-json\/wp\/v2\/tags?post=9822"}],"curies":[{"name":"wp","href":"https:\/\/api.w.org\/{rel}","templated":true}]}}