{"id":37407,"date":"2026-08-25T12:25:43","date_gmt":"2026-08-25T11:25:43","guid":{"rendered":"https:\/\/elpoblenoudebenitatxell.com\/?p=37407"},"modified":"2026-08-25T12:28:57","modified_gmt":"2026-08-25T11:28:57","slug":"benitatxell-intensifica-la-vigilancia-e-impondra-sanciones-de-hasta-800-euros-contra-el-vertido-descontrolado-de-residuos","status":"publish","type":"post","link":"https:\/\/elpoblenoudebenitatxell.com\/va\/benitatxell-intensifica-la-vigilancia-e-impondra-sanciones-de-hasta-800-euros-contra-el-vertido-descontrolado-de-residuos\/","title":{"rendered":"Benitatxell intensifica la vigilancia e impondr\u00e1 sanciones de hasta 800 euros contra el vertido descontrolado de residuos"},"content":{"rendered":"<ul style=\"text-align: justify;\">\n<li><em>El consistorio activar\u00e1 operativos especiales de control e inspecci\u00f3n ante el aumento de conductas inc\u00edvicas relacionadas con el abandono de enseres y basura fuera de los contenedores y papeleras<\/em><\/li>\n<\/ul>\n<p>&nbsp;<\/p>\n<p style=\"text-align: justify;\">El Ayuntamiento de El Poble Nou de Benitatxell ha anunciado la puesta en marcha de un plan de choque de vigilancia e inspecci\u00f3n para frenar y erradicar las conductas inc\u00edvicas asociadas al vertido descontrolado de residuos en la v\u00eda p\u00fablica. Tras detectar un incremento recurrente de infracciones de la ordenanza municipal de convivencia ciudadana, el consistorio ha decidido intensificar la presencia policial y aplicar de forma firme el r\u00e9gimen sancionador, que contempla <strong>multas de entre 150 y 800 euros.<\/strong><\/p>\n<p style=\"text-align: justify;\">A pesar de las continuas campa\u00f1as informativas, avisos directos e instalaci\u00f3n de carteler\u00eda preventiva en los puntos m\u00e1s conflictivos del municipio, las autoridades locales han constatado que se siguen repitiendo de manera inc\u00edvica dos conductas principales: el dep\u00f3sito de bolsas de basura en la v\u00eda p\u00fablica cerca de las papeleras, no destinadas a este fin, y el abandono descontrolado de muebles, trastos y enseres en las zonas de contenedores.<\/p>\n<p style=\"text-align: justify;\">Para atajar esta problem\u00e1tica de incivismo e imagen p\u00fablica, la se activar\u00e1n operativos especiales de vigilancia y control que se centrar\u00e1n en la inspecci\u00f3n de \u00e1reas cr\u00edticas y puntos negros detectados en el t\u00e9rmino municipal. El consistorio recuerda que la tolerancia ante estas actitudes ser\u00e1 nula y remarca que las sanciones por dejar bolsas fuera del contenedor arrancan en 150 euros, alcanzando los 800 euros para el vertido descontrolado de enseres y muebles.<\/p>\n<p style=\"text-align: justify;\">El objetivo principal es garantizar la convivencia, la salubridad y el respeto por el medio ambiente y la imagen del municipio, protegiendo el bienestar de la inmensa mayor\u00eda de vecinos y vecinas que s\u00ed hacen un uso responsable de los servicios.<\/p>\n<p style=\"text-align: justify;\">Desde el consistorio se hace un llamamiento a la responsabilidad colectiva y se recuerda que el municipio dispone de alternativas gratuitas y reguladas para depositar residuos sin recurrir a vertidos ilegales:<\/p>\n<ul style=\"text-align: justify;\">\n<li><strong>Servicio de recogida de voluminosos a domicilio:<\/strong> un servicio gratuito y c\u00f3modo para enseres grandes, disponible mediante cita previa a trav\u00e9s de <a href=\"https:\/\/residus.poblenet.es\/\" target=\"_blank\" rel=\"noopener\">https:\/\/residus.poblenet.es\/<\/a> o enviando un WhatsApp al n\u00famero <strong>652 816 650<\/strong>.<\/li>\n<\/ul>\n<ul style=\"text-align: justify;\">\n<li><strong>Ecoparque municipal (Cam\u00ed de la Torra s\/n):<\/strong> un espacio para el dep\u00f3sito de residuos especiales \u2014electrodom\u00e9sticos, ropa, aceites, bater\u00edas, etc.\u2014 con el siguiente horario:\n<ul>\n<li>Lunes a viernes: de 9:00 a 14:00 h y de 16:30 a 18:00 h.<\/li>\n<li>S\u00e1bados: de 9:00 a 13:00 h.<\/li>\n<\/ul>\n<\/li>\n<\/ul>\n<ul>\n<li style=\"text-align: justify;\"><strong>Ecoparque m\u00f3vil del Consorci Mare:<\/strong> unidad itinerante que visita el municipio todos los lunes, en horario de 10:00 a 18:00 h, para facilitar el reciclaje de residuos especiales sin tener que desplazarse al ecoparque fijo. Est\u00e1 situado en el parking de la calle de los Furs.<\/li>\n<\/ul>\n\t\t<div data-elementor-type=\"container\" data-elementor-id=\"33486\" class=\"elementor elementor-33486\" data-elementor-post-type=\"elementor_library\">\n\t\t\t\t<div class=\"elementor-element elementor-element-d5b9895 e-flex e-con-boxed e-con e-parent\" data-id=\"d5b9895\" data-element_type=\"container\" data-e-type=\"container\">\n\t\t\t\t\t<div class=\"e-con-inner\">\n\t\t\t\t<div class=\"elementor-element elementor-element-c8085f6 gallery-spacing-custom elementor-widget elementor-widget-image-gallery\" data-id=\"c8085f6\" data-element_type=\"widget\" data-e-type=\"widget\" data-widget_type=\"image-gallery.default\">\n\t\t\t\t\t\t\t<div class=\"elementor-image-gallery\">\n\t\t\t<div id='gallery-1' class='gallery galleryid-37407 gallery-columns-3 gallery-size-full'><figure class='gallery-item'>\n\t\t\t<div class='gallery-icon landscape'>\n\t\t\t\t<a data-elementor-open-lightbox=\"yes\" data-elementor-lightbox-slideshow=\"c8085f6\" data-elementor-lightbox-title=\"WhatsApp Image 2026-08-19 at 14.32.41\" data-e-action-hash=\"#elementor-action%3Aaction%3Dlightbox%26settings%3DeyJpZCI6Mzc0MTIsInVybCI6Imh0dHBzOlwvXC9lbHBvYmxlbm91ZGViZW5pdGF0eGVsbC5jb21cL3dwLWNvbnRlbnRcL3VwbG9hZHNcLzIwMjZcLzA4XC9XaGF0c0FwcC1JbWFnZS0yMDI2LTA4LTE5LWF0LTE0LjMyLjQxLmpwZWciLCJzbGlkZXNob3ciOiJjODA4NWY2In0%3D\" href=\"https:\/\/elpoblenoudebenitatxell.com\/wp-content\/uploads\/2026\/08\/WhatsApp-Image-2026-08-19-at-14.32.41.jpeg\"><img fetchpriority=\"high\" decoding=\"async\" width=\"2048\" height=\"1158\" src=\"https:\/\/elpoblenoudebenitatxell.com\/wp-content\/uploads\/2026\/08\/WhatsApp-Image-2026-08-19-at-14.32.41.jpeg\" class=\"attachment-full size-full\" alt=\"\" srcset=\"https:\/\/elpoblenoudebenitatxell.com\/wp-content\/uploads\/2026\/08\/WhatsApp-Image-2026-08-19-at-14.32.41.jpeg 2048w, https:\/\/elpoblenoudebenitatxell.com\/wp-content\/uploads\/2026\/08\/WhatsApp-Image-2026-08-19-at-14.32.41-300x170.jpeg 300w, https:\/\/elpoblenoudebenitatxell.com\/wp-content\/uploads\/2026\/08\/WhatsApp-Image-2026-08-19-at-14.32.41-1024x579.jpeg 1024w, https:\/\/elpoblenoudebenitatxell.com\/wp-content\/uploads\/2026\/08\/WhatsApp-Image-2026-08-19-at-14.32.41-768x434.jpeg 768w, https:\/\/elpoblenoudebenitatxell.com\/wp-content\/uploads\/2026\/08\/WhatsApp-Image-2026-08-19-at-14.32.41-1536x869.jpeg 1536w, https:\/\/elpoblenoudebenitatxell.com\/wp-content\/uploads\/2026\/08\/WhatsApp-Image-2026-08-19-at-14.32.41-18x10.jpeg 18w\" sizes=\"(max-width: 2048px) 100vw, 2048px\" \/><\/a>\n\t\t\t<\/div><\/figure><figure class='gallery-item'>\n\t\t\t<div class='gallery-icon landscape'>\n\t\t\t\t<a data-elementor-open-lightbox=\"yes\" data-elementor-lightbox-slideshow=\"c8085f6\" data-elementor-lightbox-title=\"WhatsApp Image 2026-08-18 at 08.07.47\" data-e-action-hash=\"#elementor-action%3Aaction%3Dlightbox%26settings%3DeyJpZCI6Mzc0MTEsInVybCI6Imh0dHBzOlwvXC9lbHBvYmxlbm91ZGViZW5pdGF0eGVsbC5jb21cL3dwLWNvbnRlbnRcL3VwbG9hZHNcLzIwMjZcLzA4XC9XaGF0c0FwcC1JbWFnZS0yMDI2LTA4LTE4LWF0LTA4LjA3LjQ3LmpwZWciLCJzbGlkZXNob3ciOiJjODA4NWY2In0%3D\" href=\"https:\/\/elpoblenoudebenitatxell.com\/wp-content\/uploads\/2026\/08\/WhatsApp-Image-2026-08-18-at-08.07.47.jpeg\"><img decoding=\"async\" width=\"719\" height=\"479\" src=\"https:\/\/elpoblenoudebenitatxell.com\/wp-content\/uploads\/2026\/08\/WhatsApp-Image-2026-08-18-at-08.07.47.jpeg\" class=\"attachment-full size-full\" alt=\"\" srcset=\"https:\/\/elpoblenoudebenitatxell.com\/wp-content\/uploads\/2026\/08\/WhatsApp-Image-2026-08-18-at-08.07.47.jpeg 719w, https:\/\/elpoblenoudebenitatxell.com\/wp-content\/uploads\/2026\/08\/WhatsApp-Image-2026-08-18-at-08.07.47-300x200.jpeg 300w, https:\/\/elpoblenoudebenitatxell.com\/wp-content\/uploads\/2026\/08\/WhatsApp-Image-2026-08-18-at-08.07.47-18x12.jpeg 18w\" sizes=\"(max-width: 719px) 100vw, 719px\" \/><\/a>\n\t\t\t<\/div><\/figure><figure class='gallery-item'>\n\t\t\t<div class='gallery-icon landscape'>\n\t\t\t\t<a data-elementor-open-lightbox=\"yes\" data-elementor-lightbox-slideshow=\"c8085f6\" data-elementor-lightbox-title=\"WhatsApp Image 2026-08-12 at 09.18.25\" data-e-action-hash=\"#elementor-action%3Aaction%3Dlightbox%26settings%3DeyJpZCI6Mzc0MTAsInVybCI6Imh0dHBzOlwvXC9lbHBvYmxlbm91ZGViZW5pdGF0eGVsbC5jb21cL3dwLWNvbnRlbnRcL3VwbG9hZHNcLzIwMjZcLzA4XC9XaGF0c0FwcC1JbWFnZS0yMDI2LTA4LTEyLWF0LTA5LjE4LjI1LmpwZWciLCJzbGlkZXNob3ciOiJjODA4NWY2In0%3D\" href=\"https:\/\/elpoblenoudebenitatxell.com\/wp-content\/uploads\/2026\/08\/WhatsApp-Image-2026-08-12-at-09.18.25.jpeg\"><img decoding=\"async\" width=\"1200\" height=\"800\" src=\"https:\/\/elpoblenoudebenitatxell.com\/wp-content\/uploads\/2026\/08\/WhatsApp-Image-2026-08-12-at-09.18.25.jpeg\" class=\"attachment-full size-full\" alt=\"\" srcset=\"https:\/\/elpoblenoudebenitatxell.com\/wp-content\/uploads\/2026\/08\/WhatsApp-Image-2026-08-12-at-09.18.25.jpeg 1200w, https:\/\/elpoblenoudebenitatxell.com\/wp-content\/uploads\/2026\/08\/WhatsApp-Image-2026-08-12-at-09.18.25-300x200.jpeg 300w, https:\/\/elpoblenoudebenitatxell.com\/wp-content\/uploads\/2026\/08\/WhatsApp-Image-2026-08-12-at-09.18.25-1024x683.jpeg 1024w, https:\/\/elpoblenoudebenitatxell.com\/wp-content\/uploads\/2026\/08\/WhatsApp-Image-2026-08-12-at-09.18.25-768x512.jpeg 768w, https:\/\/elpoblenoudebenitatxell.com\/wp-content\/uploads\/2026\/08\/WhatsApp-Image-2026-08-12-at-09.18.25-18x12.jpeg 18w\" sizes=\"(max-width: 1200px) 100vw, 1200px\" \/><\/a>\n\t\t\t<\/div><\/figure><figure class='gallery-item'>\n\t\t\t<div class='gallery-icon landscape'>\n\t\t\t\t<a data-elementor-open-lightbox=\"yes\" data-elementor-lightbox-slideshow=\"c8085f6\" data-elementor-lightbox-title=\"_IMG_1280\" data-e-action-hash=\"#elementor-action%3Aaction%3Dlightbox%26settings%3DeyJpZCI6Mzc0MDgsInVybCI6Imh0dHBzOlwvXC9lbHBvYmxlbm91ZGViZW5pdGF0eGVsbC5jb21cL3dwLWNvbnRlbnRcL3VwbG9hZHNcLzIwMjZcLzA4XC9JTUdfMTI4MC0xLmpwZyIsInNsaWRlc2hvdyI6ImM4MDg1ZjYifQ%3D%3D\" href=\"https:\/\/elpoblenoudebenitatxell.com\/wp-content\/uploads\/2026\/08\/IMG_1280-1.jpg\"><img loading=\"lazy\" decoding=\"async\" width=\"2048\" height=\"1158\" src=\"https:\/\/elpoblenoudebenitatxell.com\/wp-content\/uploads\/2026\/08\/IMG_1280-1.jpg\" class=\"attachment-full size-full\" alt=\"\" srcset=\"https:\/\/elpoblenoudebenitatxell.com\/wp-content\/uploads\/2026\/08\/IMG_1280-1.jpg 2048w, https:\/\/elpoblenoudebenitatxell.com\/wp-content\/uploads\/2026\/08\/IMG_1280-1-300x170.jpg 300w, https:\/\/elpoblenoudebenitatxell.com\/wp-content\/uploads\/2026\/08\/IMG_1280-1-1024x579.jpg 1024w, https:\/\/elpoblenoudebenitatxell.com\/wp-content\/uploads\/2026\/08\/IMG_1280-1-768x434.jpg 768w, https:\/\/elpoblenoudebenitatxell.com\/wp-content\/uploads\/2026\/08\/IMG_1280-1-1536x869.jpg 1536w, https:\/\/elpoblenoudebenitatxell.com\/wp-content\/uploads\/2026\/08\/IMG_1280-1-18x10.jpg 18w\" sizes=\"(max-width: 2048px) 100vw, 2048px\" \/><\/a>\n\t\t\t<\/div><\/figure>\n\t\t<\/div>\n\t\t<\/div>\n\t\t\t\t\t\t<\/div>\n\t\t\t\t\t<\/div>\n\t\t\t\t<\/div>\n\t\t\t\t<\/div>","protected":false},"excerpt":{"rendered":"<p>El consistorio activar\u00e1 operativos especiales de control e inspecci\u00f3n ante el aumento de conductas inc\u00edvicas relacionadas con el abandono de enseres y basura fuera de los contenedores y papeleras &nbsp; El Ayuntamiento de El Poble Nou de Benitatxell ha anunciado la puesta en marcha de un plan de choque de vigilancia e inspecci\u00f3n para frenar [&hellip;]<\/p>\n","protected":false},"author":3,"featured_media":37409,"comment_status":"closed","ping_status":"closed","sticky":false,"template":"","format":"standard","meta":{"footnotes":""},"categories":[136,77],"tags":[120,114,113,1635,119,1634],"class_list":["post-37407","post","type-post","status-publish","format-standard","has-post-thumbnail","hentry","category-medio-ambiente-y-agricultura","category-general","tag-basura","tag-benitachell","tag-benitatxell","tag-multas","tag-rsu","tag-vertido-incontrolado-residuos"],"_links":{"self":[{"href":"https:\/\/elpoblenoudebenitatxell.com\/va\/wp-json\/wp\/v2\/posts\/37407","targetHints":{"allow":["GET"]}}],"collection":[{"href":"https:\/\/elpoblenoudebenitatxell.com\/va\/wp-json\/wp\/v2\/posts"}],"about":[{"href":"https:\/\/elpoblenoudebenitatxell.com\/va\/wp-json\/wp\/v2\/types\/post"}],"author":[{"embeddable":true,"href":"https:\/\/elpoblenoudebenitatxell.com\/va\/wp-json\/wp\/v2\/users\/3"}],"replies":[{"embeddable":true,"href":"https:\/\/elpoblenoudebenitatxell.com\/va\/wp-json\/wp\/v2\/comments?post=37407"}],"version-history":[{"count":1,"href":"https:\/\/elpoblenoudebenitatxell.com\/va\/wp-json\/wp\/v2\/posts\/37407\/revisions"}],"predecessor-version":[{"id":37413,"href":"https:\/\/elpoblenoudebenitatxell.com\/va\/wp-json\/wp\/v2\/posts\/37407\/revisions\/37413"}],"wp:featuredmedia":[{"embeddable":true,"href":"https:\/\/elpoblenoudebenitatxell.com\/va\/wp-json\/wp\/v2\/media\/37409"}],"wp:attachment":[{"href":"https:\/\/elpoblenoudebenitatxell.com\/va\/wp-json\/wp\/v2\/media?parent=37407"}],"wp:term":[{"taxonomy":"category","embeddable":true,"href":"https:\/\/elpoblenoudebenitatxell.com\/va\/wp-json\/wp\/v2\/categories?post=37407"},{"taxonomy":"post_tag","embeddable":true,"href":"https:\/\/elpoblenoudebenitatxell.com\/va\/wp-json\/wp\/v2\/tags?post=37407"}],"curies":[{"name":"wp","href":"https:\/\/api.w.org\/{rel}","templated":true}]}}