{"id":36637,"date":"2026-04-01T14:03:45","date_gmt":"2026-04-01T13:03:45","guid":{"rendered":"https:\/\/elpoblenoudebenitatxell.com\/?p=36637"},"modified":"2026-04-15T08:40:35","modified_gmt":"2026-04-15T07:40:35","slug":"benitatxell-mitjafava-fest-2026-nueva-ubicacion-innovador-juego-movil-fava-exterminadora","status":"publish","type":"post","link":"https:\/\/elpoblenoudebenitatxell.com\/va\/benitatxell-mitjafava-fest-2026-nueva-ubicacion-innovador-juego-movil-fava-exterminadora\/","title":{"rendered":"Benitatxell presenta el Mitjafava Fest 2026 con nueva ubicaci\u00f3n y el innovador juego de m\u00f3vil \u2018La Fava Exterminadora\u2019"},"content":{"rendered":"<ul style=\"text-align: justify;\">\n<li><em>El festival se traslada al parking de la avenida de Val\u00e8ncia<\/em><\/li>\n<li><em>El certamen de vinos a\u00f1ade la categor\u00eda de \u2018Mejor Mistela\u2019 y debuta la \u2018La Fava Exterminadora\u2019, un juego donde los participantes deber\u00e1n competir para \u00abexterminar\u00bb a sus contrincantes y ser el \u00faltimo superviviente<\/em><\/li>\n<\/ul>\n<p>&nbsp;<\/p>\n<p style=\"text-align: justify;\">El Poble Nou de Benitatxell ya calienta fogones para la celebraci\u00f3n de su evento gastron\u00f3mico y cultural m\u00e1s esperado: el <strong>Mitjafava Fest 2026<\/strong>. Tras el \u00e9xito de ediciones anteriores, el festival vuelve con fuerza para potenciar la \u2018fava poblera\u2019, el producto estrella del municipio. La gran novedad de esta edici\u00f3n es el <strong>cambio de ubicaci\u00f3n<\/strong>. El epicentro de la fiesta se traslada de la plaza de les Pesqueres al <strong>parking de la avenida de Val\u00e8ncia<\/strong>, situado frente al ret\u00e9n de la Polic\u00eda Local.<\/p>\n<p style=\"text-align: justify;\">El Mitjafava Fest 2026 no solo celebra el sabor, sino tambi\u00e9n la creatividad. Este a\u00f1o nace el primer concurso de <strong>\u2018La Fava Exterminadora\u2019<\/strong>, una propuesta tecnol\u00f3gica que consiste en un juego m\u00f3vil de rol donde los participantes deber\u00e1n competir para \u00abexterminar\u00bb a sus contrincantes y ser el \u00faltimo superviviente.<\/p>\n<p style=\"text-align: justify;\">En el apartado agr\u00edcola y vin\u00edcola, coordinado por la asociaci\u00f3n <strong>BioMoscatell<\/strong>, el tradicional concurso de vinos caseros crece. A los premios de ediciones anteriores se suma una nueva y esperada categor\u00eda: el premio a la <strong>Mejor Mistela<\/strong>, rindiendo homenaje a uno de los productos m\u00e1s emblem\u00e1ticos de la Marina Alta.<\/p>\n<p style=\"text-align: justify;\"><strong>Una programaci\u00f3n para todos los sentidos<\/strong><\/p>\n<p style=\"text-align: justify;\">Como es habitual, el festival arrancar\u00e1 con las <strong>Jornadas Gastron\u00f3micas de la Fava<\/strong>, en las que diversos restaurantes locales ofrecer\u00e1n platos de arroz con haba durante toda la semana: jueves 16 de abril en el Restaurante La Cumbre (966 493 213), viernes 17 de abril en Ca Toni M\u00f2nica (966 493 636) y s\u00e1bado 18 de abril en La Trillaora (647 606 784).<\/p>\n<p style=\"text-align: justify;\">El <strong>mi\u00e9rcoles 15<\/strong>, la Biblioteca acoger\u00e1 la presentaci\u00f3n del libro \u2018Lola &amp; Vitamino. La aventura de aprender a comer sano\u2019 a las 19:00h. El centro de lectura ser\u00e1 sede tambi\u00e9n a partir de ese d\u00eda de la exposici\u00f3n etnol\u00f3gica\u00a0<em>\u2018Els oficis\u2019 <\/em>de la MACMA, la cual hace un repaso por los principales oficios tradicionales de la Marina Alta en peligro de extinci\u00f3n.<\/p>\n<p style=\"text-align: justify;\">Tras el \u00e9xito del pasado a\u00f1o, el <strong>jueves 16<\/strong>, a las 19.00h en el Centro Social, la Associaci\u00f3 d\u2019Agricultors Biomoscatell repetir\u00e1 la cata de vinos con su maridaje, esta vez a cargo del sumiller Ra\u00fal Caselles, de la Bodega Miguel de X\u00e0bia. El aforo es de 35 personas y la inscripci\u00f3n se podr\u00e1 realizar a partir de la pr\u00f3xima semana en <a href=\"https:\/\/www.inscribirme.com\/o\/ajuntament-del-poble-nou-de-benitatxell\" target=\"_blank\" rel=\"noopener\">https:\/\/www.inscribirme.com\/o\/ajuntament-del-poble-nou-de-benitatxell<\/a><\/p>\n<p style=\"text-align: justify;\">Los platos fuertes llegar\u00e1n el fin de semana. La gastronom\u00eda de vanguardia y la tradici\u00f3n local se fusionar\u00e1n el <strong>viernes 17 <\/strong>en un evento imperdible que tendr\u00e1 lugar a las 20:00h en el Parking de la Av. de Val\u00e8ncia. La velada estar\u00e1 protagonizada por un <strong><em>showcooking<\/em> <\/strong>de alto nivel donde el chef <strong>Carlos Garc\u00eda Moreno<\/strong>, del restaurante Dexcaro (D\u00e9nia) \u2014distinguido con un Sol Repsol\u2014, y la reconocida divulgadora gastron\u00f3mica <strong>Maria Albero<\/strong> <strong>(@saboreanda),<\/strong> premiada recientemente por su trayectoria profesional, unir\u00e1n sus talentos para crear dos tapas exclusivas con el haba poblera como ingrediente estrella.<\/p>\n<p style=\"text-align: justify;\">El acto, conducido por la periodista y divulgadora <strong>Elena Vidal (@alicantestreetstyle)<\/strong>, promete ser una experiencia sensorial completa. Tras la demostraci\u00f3n culinaria, los asistentes podr\u00e1n disfrutar de un vino de honor y tapas de degustaci\u00f3n cocinadas por los chefs, todo ello amenizado por las notas en directo del <strong>saxofonista Alfredo Ripoll.<\/strong><\/p>\n<p style=\"text-align: justify;\">El <strong>s\u00e1bado 18 de abril<\/strong>, el Mitjafava Fest continuar\u00e1 con una jornada que combina el arraigo agr\u00edcola con el esp\u00edritu festivo. La ma\u00f1ana comenzar\u00e1 a las 11:00h con una visita al bancal experimental del haba y una cata de vinos de la Associaci\u00f3 d\u2019Agricultors Biomoscatell (con inscripci\u00f3n previa al WhatsApp al 615 398 238), seguida a las 12:00h por una danzada popular a cargo del Grup de Danses Morro Falqu\u00ed y la Colla la Llebetj\u00e0 por el centro del pueblo.<\/p>\n<p style=\"text-align: justify;\">A partir de las 17:30h, la actividad se trasladar\u00e1 a la carpa de la avenida de Val\u00e8ncia con el <strong>\u2018Tardet Pobler\u2019<\/strong>, que contar\u00e1 con tapas, atracciones medievales y el juego familiar \u2018La Fava Exterminadora\u2019. La m\u00fasica y la cultura popular ser\u00e1n las grandes protagonistas con la Muixeranga de la Marina Alta (18:00h) y las actuaciones de Spicy Cherries, Tres Fan Ball, B\u00e8rnia y Esther, cerrando la noche con la energ\u00eda de La Xe-Ranga y Fiona Onix DJ Set. Habr\u00e1 barras de comida y bebida a precios populares.<\/p>\n<p style=\"text-align: justify;\">El <strong>domingo 19 de abril<\/strong>, el festival se despedir\u00e1 con una jornada de convivencia en el parking de la avenida de Val\u00e8ncia. La ma\u00f1ana arrancar\u00e1 a las 10:00h con el almuerzo de la pe\u00f1a taurina El Portalet y los singulares concursos de la fava m\u00e9s llarga y la fava amb m\u00e9s gallons. A partir de las 11:00h, el <strong>Festival Tapifava<\/strong> cobrar\u00e1 vida de la mano de los bares y restaurantes locales, que ofrecer\u00e1n diversas elaboraciones con haba poblera a precios populares. La cita estar\u00e1 amenizada por los conciertos de Canta Canalla (11:30h) y M\u00fasics de Carrer (13:00h), para finalizar a las 13:30h con la entrega de premios a los mejores vinos, mistelas y habas, adem\u00e1s del galard\u00f3n del I Torneo de \u2018La Fava Exterminadora\u2019.<\/p>\n<p style=\"text-align: justify;\">Toda la programaci\u00f3n detallada puede consultarse en la web municipal: <a href=\"https:\/\/elpoblenoudebenitatxell.com\/va\/eventos\/programa-mitjafava-fest-2026\/\">https:\/\/elpoblenoudebenitatxell.com\/eventos\/programa-mitjafava-fest-2026\/<\/a><\/p>","protected":false},"excerpt":{"rendered":"<p>El festival se traslada al parking de la avenida de Val\u00e8ncia El certamen de vinos a\u00f1ade la categor\u00eda de \u2018Mejor Mistela\u2019 y debuta la \u2018La Fava Exterminadora\u2019, un juego donde los participantes deber\u00e1n competir para \u00abexterminar\u00bb a sus contrincantes y ser el \u00faltimo superviviente &nbsp; El Poble Nou de Benitatxell ya calienta fogones para la [&hellip;]<\/p>","protected":false},"author":3,"featured_media":36640,"comment_status":"closed","ping_status":"closed","sticky":false,"template":"","format":"standard","meta":{"footnotes":""},"categories":[126,168,77,136],"tags":[1578,113,1579,1124,1582,1581,1577,1580],"class_list":["post-36637","post","type-post","status-publish","format-standard","has-post-thumbnail","hentry","category-fiestas","category-gastronomia","category-general","category-medio-ambiente-y-agricultura","tag-benitachel","tag-benitatxell","tag-carlos-g-moreno","tag-fava-poblera","tag-la-fava-exterminadora","tag-maria-albero","tag-mitjafava-fest-2026","tag-saboreanda"],"_links":{"self":[{"href":"https:\/\/elpoblenoudebenitatxell.com\/va\/wp-json\/wp\/v2\/posts\/36637","targetHints":{"allow":["GET"]}}],"collection":[{"href":"https:\/\/elpoblenoudebenitatxell.com\/va\/wp-json\/wp\/v2\/posts"}],"about":[{"href":"https:\/\/elpoblenoudebenitatxell.com\/va\/wp-json\/wp\/v2\/types\/post"}],"author":[{"embeddable":true,"href":"https:\/\/elpoblenoudebenitatxell.com\/va\/wp-json\/wp\/v2\/users\/3"}],"replies":[{"embeddable":true,"href":"https:\/\/elpoblenoudebenitatxell.com\/va\/wp-json\/wp\/v2\/comments?post=36637"}],"version-history":[{"count":1,"href":"https:\/\/elpoblenoudebenitatxell.com\/va\/wp-json\/wp\/v2\/posts\/36637\/revisions"}],"predecessor-version":[{"id":36638,"href":"https:\/\/elpoblenoudebenitatxell.com\/va\/wp-json\/wp\/v2\/posts\/36637\/revisions\/36638"}],"wp:featuredmedia":[{"embeddable":true,"href":"https:\/\/elpoblenoudebenitatxell.com\/va\/wp-json\/wp\/v2\/media\/36640"}],"wp:attachment":[{"href":"https:\/\/elpoblenoudebenitatxell.com\/va\/wp-json\/wp\/v2\/media?parent=36637"}],"wp:term":[{"taxonomy":"category","embeddable":true,"href":"https:\/\/elpoblenoudebenitatxell.com\/va\/wp-json\/wp\/v2\/categories?post=36637"},{"taxonomy":"post_tag","embeddable":true,"href":"https:\/\/elpoblenoudebenitatxell.com\/va\/wp-json\/wp\/v2\/tags?post=36637"}],"curies":[{"name":"wp","href":"https:\/\/api.w.org\/{rel}","templated":true}]}}