{"id":35609,"date":"2026-01-09T11:48:14","date_gmt":"2026-01-09T10:48:14","guid":{"rendered":"https:\/\/elpoblenoudebenitatxell.com\/?p=35609"},"modified":"2026-01-09T11:48:14","modified_gmt":"2026-01-09T10:48:14","slug":"exito-despertando-los-sentidos-benitatxell-revalida-edicion-2026-12-propuestas","status":"publish","type":"post","link":"https:\/\/elpoblenoudebenitatxell.com\/va\/exito-despertando-los-sentidos-benitatxell-revalida-edicion-2026-12-propuestas\/","title":{"rendered":"El \u00e9xito de \u2018Despertando los sentidos\u2019 en Benitatxell revalida una nueva edici\u00f3n en 2026: estas son las 12 propuestas, una por cada mes del a\u00f1o"},"content":{"rendered":"<ul style=\"text-align: justify;\">\n<li><em>Talleres de cer\u00e1mica, jab\u00f3n artesanal, elaboraci\u00f3n de miel, dulces saludables, pintura, foto o coronas de Navidad, entre otros, forman parte de esta oferta<\/em><\/li>\n<\/ul>\n<p>&nbsp;<\/p>\n<p style=\"text-align: justify;\">Benitatxell se puede disfrutar todos los meses del a\u00f1o. Para dar a conocer el municipio desde diferentes vertientes, el \u00e1rea de Turismo lanz\u00f3 el pasado 2025 <strong>\u2018Despertando los sentidos\u2019<\/strong>, una serie de doce experiencias, una por cada mes del a\u00f1o. Este a\u00f1o, dada \u201cla excelente acogida\u201d que tuvieron todas las actividades programadas, seg\u00fan ha resaltado el concejal de Turismo, V\u00edctor Bisquert, se ha revalidado esta f\u00f3rmula que ha contado con la participaci\u00f3n de unas 200 personas a lo largo de la primera edici\u00f3n.<\/p>\n<p style=\"text-align: justify;\">El ciclo de 2026 arrancar\u00e1 con el <strong>taller de cer\u00e1mica<\/strong>, que tendr\u00e1 lugar el s\u00e1bado 31 de enero, a las 10.00h, en la Biblioteca Municipal. La propuesta la completan la <strong>ruta ciclista con E-bike<\/strong> (28 de febrero), el <strong>taller de elaboraci\u00f3n de miel<\/strong> (28 de marzo), el <strong>taller de jab\u00f3n casero<\/strong> (25 de abril), el <strong>taller de cocina silvestre<\/strong> (23 de mayo), el <strong>taller de pintura paisaj\u00edstica<\/strong> (27 de junio), el <strong>taller de masajes<\/strong> (18 de julio), la actividad <strong>Vino &amp; Pintura<\/strong> (29 de agosto), el <strong>taller de fotograf\u00eda paisaj\u00edstica<\/strong> (26 de septiembre), la nueva <strong>ruta senderista <\/strong>de les Pesqueres (31 de octubre), el taller de dulces saludables (28 de noviembre) y el <strong>taller de coronas de Navidad<\/strong> (19 de diciembre).<\/p>\n<p style=\"text-align: justify;\">La mayor\u00eda de las actividades son de car\u00e1cter gratuito, mientras que otras tienen un precio de 5 euros. Son la ruta ciclista (inscripciones en info@laterreta-aventures.es), el taller de masajes (Inscripciones al 613 01 43 83), Vino &amp; Pintura (Inscripciones al 633 79 14 82) y el taller de coronas de Navidad (Inscripciones al 605 44 90 45).<\/p>\n<p style=\"text-align: justify;\">Para el resto de experiencias, las inscripciones se pueden realizar a trav\u00e9s del siguiente enlace: <a href=\"https:\/\/www.inscribirme.com\/o\/ajuntament-del-poble-nou-de-benitatxell\" target=\"_blank\" rel=\"noopener\">https:\/\/www.inscribirme.com\/o\/ajuntament-del-poble-nou-de-benitatxell<\/a>. Para m\u00e1s informaci\u00f3n, se puede contactar con la Oficina de Turismo a trav\u00e9s del tel\u00e9fono 96 649 35 46, el correo turisme@elpoblenoudebenitatxell.com o presencialmente en la Tourist Info (C\/ de les Escoles, 2).<\/p>","protected":false},"excerpt":{"rendered":"<p>Talleres de cer\u00e1mica, jab\u00f3n artesanal, elaboraci\u00f3n de miel, dulces saludables, pintura, foto o coronas de Navidad, entre otros, forman parte de esta oferta &nbsp; Benitatxell se puede disfrutar todos los meses del a\u00f1o. Para dar a conocer el municipio desde diferentes vertientes, el \u00e1rea de Turismo lanz\u00f3 el pasado 2025 \u2018Despertando los sentidos\u2019, una serie [&hellip;]<\/p>","protected":false},"author":3,"featured_media":35610,"comment_status":"closed","ping_status":"closed","sticky":false,"template":"","format":"standard","meta":{"footnotes":""},"categories":[83],"tags":[114,113,1514,1026,1515,587,254],"class_list":["post-35609","post","type-post","status-publish","format-standard","has-post-thumbnail","hentry","category-turismo","tag-benitachell","tag-benitatxell","tag-despertando","tag-despertant-els-sentits","tag-respira-mediterrani","tag-turisme","tag-turismo"],"_links":{"self":[{"href":"https:\/\/elpoblenoudebenitatxell.com\/va\/wp-json\/wp\/v2\/posts\/35609","targetHints":{"allow":["GET"]}}],"collection":[{"href":"https:\/\/elpoblenoudebenitatxell.com\/va\/wp-json\/wp\/v2\/posts"}],"about":[{"href":"https:\/\/elpoblenoudebenitatxell.com\/va\/wp-json\/wp\/v2\/types\/post"}],"author":[{"embeddable":true,"href":"https:\/\/elpoblenoudebenitatxell.com\/va\/wp-json\/wp\/v2\/users\/3"}],"replies":[{"embeddable":true,"href":"https:\/\/elpoblenoudebenitatxell.com\/va\/wp-json\/wp\/v2\/comments?post=35609"}],"version-history":[{"count":1,"href":"https:\/\/elpoblenoudebenitatxell.com\/va\/wp-json\/wp\/v2\/posts\/35609\/revisions"}],"predecessor-version":[{"id":35612,"href":"https:\/\/elpoblenoudebenitatxell.com\/va\/wp-json\/wp\/v2\/posts\/35609\/revisions\/35612"}],"wp:featuredmedia":[{"embeddable":true,"href":"https:\/\/elpoblenoudebenitatxell.com\/va\/wp-json\/wp\/v2\/media\/35610"}],"wp:attachment":[{"href":"https:\/\/elpoblenoudebenitatxell.com\/va\/wp-json\/wp\/v2\/media?parent=35609"}],"wp:term":[{"taxonomy":"category","embeddable":true,"href":"https:\/\/elpoblenoudebenitatxell.com\/va\/wp-json\/wp\/v2\/categories?post=35609"},{"taxonomy":"post_tag","embeddable":true,"href":"https:\/\/elpoblenoudebenitatxell.com\/va\/wp-json\/wp\/v2\/tags?post=35609"}],"curies":[{"name":"wp","href":"https:\/\/api.w.org\/{rel}","templated":true}]}}