{"id":11547,"date":"2022-07-27T00:00:00","date_gmt":"2022-07-26T22:00:00","guid":{"rendered":"https:\/\/ayuntamientobenitatxell.lookishtg.com\/2070-la-biblioteca-de-benitatxell-recibe-por-quinto-ano-consecutivo-el-premio-maria-moliner-a-la-animacion-de-la-lectura\/"},"modified":"2025-10-23T15:57:10","modified_gmt":"2025-10-23T13:57:10","slug":"2070-la-biblioteca-de-benitatxell-recibe-por-quinto-ano-consecutivo-el-premio-maria-moliner-a-la-animacion-de-la-lectura","status":"publish","type":"post","link":"https:\/\/elpoblenoudebenitatxell.com\/va\/2070-la-biblioteca-de-benitatxell-recibe-por-quinto-ano-consecutivo-el-premio-maria-moliner-a-la-animacion-de-la-lectura\/","title":{"rendered":"La Biblioteca de Benitatxell recibe por quinto a\u00f1o consecutivo el premio Mar\u00eda Moliner a la animaci\u00f3n de la lectura"},"content":{"rendered":"","protected":false},"excerpt":{"rendered":"","protected":false},"author":14,"featured_media":14260,"comment_status":"closed","ping_status":"closed","sticky":false,"template":"","format":"standard","meta":{"footnotes":""},"categories":[79,77],"tags":[],"class_list":["post-11547","post","type-post","status-publish","format-standard","has-post-thumbnail","hentry","category-cultura","category-general"],"_links":{"self":[{"href":"https:\/\/elpoblenoudebenitatxell.com\/va\/wp-json\/wp\/v2\/posts\/11547","targetHints":{"allow":["GET"]}}],"collection":[{"href":"https:\/\/elpoblenoudebenitatxell.com\/va\/wp-json\/wp\/v2\/posts"}],"about":[{"href":"https:\/\/elpoblenoudebenitatxell.com\/va\/wp-json\/wp\/v2\/types\/post"}],"author":[{"embeddable":true,"href":"https:\/\/elpoblenoudebenitatxell.com\/va\/wp-json\/wp\/v2\/users\/14"}],"replies":[{"embeddable":true,"href":"https:\/\/elpoblenoudebenitatxell.com\/va\/wp-json\/wp\/v2\/comments?post=11547"}],"version-history":[{"count":2,"href":"https:\/\/elpoblenoudebenitatxell.com\/va\/wp-json\/wp\/v2\/posts\/11547\/revisions"}],"predecessor-version":[{"id":31639,"href":"https:\/\/elpoblenoudebenitatxell.com\/va\/wp-json\/wp\/v2\/posts\/11547\/revisions\/31639"}],"wp:featuredmedia":[{"embeddable":true,"href":"https:\/\/elpoblenoudebenitatxell.com\/va\/wp-json\/wp\/v2\/media\/14260"}],"wp:attachment":[{"href":"https:\/\/elpoblenoudebenitatxell.com\/va\/wp-json\/wp\/v2\/media?parent=11547"}],"wp:term":[{"taxonomy":"category","embeddable":true,"href":"https:\/\/elpoblenoudebenitatxell.com\/va\/wp-json\/wp\/v2\/categories?post=11547"},{"taxonomy":"post_tag","embeddable":true,"href":"https:\/\/elpoblenoudebenitatxell.com\/va\/wp-json\/wp\/v2\/tags?post=11547"}],"curies":[{"name":"wp","href":"https:\/\/api.w.org\/{rel}","templated":true}]}}