{"id":10133,"date":"2013-02-25T00:00:00","date_gmt":"2013-02-24T23:00:00","guid":{"rendered":"https:\/\/ayuntamientobenitatxell.lookishtg.com\/578-el-conjunto-de-alevin-de-gimnasia-ritmica-queda-en-segunda-posicion-en-la-jornada-inaugural-de-liga-comarcal\/"},"modified":"2025-10-23T15:54:50","modified_gmt":"2025-10-23T13:54:50","slug":"578-el-conjunto-de-alevin-de-gimnasia-ritmica-queda-en-segunda-posicion-en-la-jornada-inaugural-de-liga-comarcal","status":"publish","type":"post","link":"https:\/\/elpoblenoudebenitatxell.com\/va\/578-el-conjunto-de-alevin-de-gimnasia-ritmica-queda-en-segunda-posicion-en-la-jornada-inaugural-de-liga-comarcal\/","title":{"rendered":"El conjunto de alev\u00edn de gimnasia r\u00edtmica queda en segunda posici\u00f3n en la jornada inaugural de liga comarcal"},"content":{"rendered":"","protected":false},"excerpt":{"rendered":"","protected":false},"author":14,"featured_media":0,"comment_status":"closed","ping_status":"closed","sticky":false,"template":"","format":"standard","meta":{"footnotes":""},"categories":[77],"tags":[],"class_list":["post-10133","post","type-post","status-publish","format-standard","hentry","category-general"],"_links":{"self":[{"href":"https:\/\/elpoblenoudebenitatxell.com\/va\/wp-json\/wp\/v2\/posts\/10133","targetHints":{"allow":["GET"]}}],"collection":[{"href":"https:\/\/elpoblenoudebenitatxell.com\/va\/wp-json\/wp\/v2\/posts"}],"about":[{"href":"https:\/\/elpoblenoudebenitatxell.com\/va\/wp-json\/wp\/v2\/types\/post"}],"author":[{"embeddable":true,"href":"https:\/\/elpoblenoudebenitatxell.com\/va\/wp-json\/wp\/v2\/users\/14"}],"replies":[{"embeddable":true,"href":"https:\/\/elpoblenoudebenitatxell.com\/va\/wp-json\/wp\/v2\/comments?post=10133"}],"version-history":[{"count":1,"href":"https:\/\/elpoblenoudebenitatxell.com\/va\/wp-json\/wp\/v2\/posts\/10133\/revisions"}],"predecessor-version":[{"id":30262,"href":"https:\/\/elpoblenoudebenitatxell.com\/va\/wp-json\/wp\/v2\/posts\/10133\/revisions\/30262"}],"wp:attachment":[{"href":"https:\/\/elpoblenoudebenitatxell.com\/va\/wp-json\/wp\/v2\/media?parent=10133"}],"wp:term":[{"taxonomy":"category","embeddable":true,"href":"https:\/\/elpoblenoudebenitatxell.com\/va\/wp-json\/wp\/v2\/categories?post=10133"},{"taxonomy":"post_tag","embeddable":true,"href":"https:\/\/elpoblenoudebenitatxell.com\/va\/wp-json\/wp\/v2\/tags?post=10133"}],"curies":[{"name":"wp","href":"https:\/\/api.w.org\/{rel}","templated":true}]}}