{"id":10125,"date":"2013-03-11T00:00:00","date_gmt":"2013-03-10T23:00:00","guid":{"rendered":"https:\/\/ayuntamientobenitatxell.lookishtg.com\/570-la-entrega-de-los-galardones-del-ii-concurso-de-jovenes-interpretes-revela-un-premio-muy-disputado-y-un-nivel-en-alza-de-los-musicos-pobleros\/"},"modified":"2025-10-23T15:54:50","modified_gmt":"2025-10-23T13:54:50","slug":"570-la-entrega-de-los-galardones-del-ii-concurso-de-jovenes-interpretes-revela-un-premio-muy-disputado-y-un-nivel-en-alza-de-los-musicos-pobleros","status":"publish","type":"post","link":"https:\/\/elpoblenoudebenitatxell.com\/va\/570-la-entrega-de-los-galardones-del-ii-concurso-de-jovenes-interpretes-revela-un-premio-muy-disputado-y-un-nivel-en-alza-de-los-musicos-pobleros\/","title":{"rendered":"La entrega de los galardones del II Concurso de J\u00f3venes Int\u00e9rpretes revela un premio muy disputado y un nivel en alza de los m\u00fasicos pobleros"},"content":{"rendered":"","protected":false},"excerpt":{"rendered":"","protected":false},"author":14,"featured_media":0,"comment_status":"closed","ping_status":"closed","sticky":false,"template":"","format":"standard","meta":{"footnotes":""},"categories":[77],"tags":[],"class_list":["post-10125","post","type-post","status-publish","format-standard","hentry","category-general"],"_links":{"self":[{"href":"https:\/\/elpoblenoudebenitatxell.com\/va\/wp-json\/wp\/v2\/posts\/10125","targetHints":{"allow":["GET"]}}],"collection":[{"href":"https:\/\/elpoblenoudebenitatxell.com\/va\/wp-json\/wp\/v2\/posts"}],"about":[{"href":"https:\/\/elpoblenoudebenitatxell.com\/va\/wp-json\/wp\/v2\/types\/post"}],"author":[{"embeddable":true,"href":"https:\/\/elpoblenoudebenitatxell.com\/va\/wp-json\/wp\/v2\/users\/14"}],"replies":[{"embeddable":true,"href":"https:\/\/elpoblenoudebenitatxell.com\/va\/wp-json\/wp\/v2\/comments?post=10125"}],"version-history":[{"count":1,"href":"https:\/\/elpoblenoudebenitatxell.com\/va\/wp-json\/wp\/v2\/posts\/10125\/revisions"}],"predecessor-version":[{"id":30254,"href":"https:\/\/elpoblenoudebenitatxell.com\/va\/wp-json\/wp\/v2\/posts\/10125\/revisions\/30254"}],"wp:attachment":[{"href":"https:\/\/elpoblenoudebenitatxell.com\/va\/wp-json\/wp\/v2\/media?parent=10125"}],"wp:term":[{"taxonomy":"category","embeddable":true,"href":"https:\/\/elpoblenoudebenitatxell.com\/va\/wp-json\/wp\/v2\/categories?post=10125"},{"taxonomy":"post_tag","embeddable":true,"href":"https:\/\/elpoblenoudebenitatxell.com\/va\/wp-json\/wp\/v2\/tags?post=10125"}],"curies":[{"name":"wp","href":"https:\/\/api.w.org\/{rel}","templated":true}]}}