{"id":10107,"date":"2013-04-22T00:00:00","date_gmt":"2013-04-21T22:00:00","guid":{"rendered":"https:\/\/ayuntamientobenitatxell.lookishtg.com\/552-la-concejalia-de-cultura-celebra-el-dia-del-libro-con-la-presentacion-del-primer-libro-del-poblero-vicente-devesa\/"},"modified":"2025-10-23T15:54:50","modified_gmt":"2025-10-23T13:54:50","slug":"552-la-concejalia-de-cultura-celebra-el-dia-del-libro-con-la-presentacion-del-primer-libro-del-poblero-vicente-devesa","status":"publish","type":"post","link":"https:\/\/elpoblenoudebenitatxell.com\/va\/552-la-concejalia-de-cultura-celebra-el-dia-del-libro-con-la-presentacion-del-primer-libro-del-poblero-vicente-devesa\/","title":{"rendered":"La Concejal\u00eda de Cultura celebra el D\u00eda del Libro con la presentaci\u00f3n del primer libro del poblero Vicente Devesa"},"content":{"rendered":"","protected":false},"excerpt":{"rendered":"","protected":false},"author":14,"featured_media":0,"comment_status":"closed","ping_status":"closed","sticky":false,"template":"","format":"standard","meta":{"footnotes":""},"categories":[77],"tags":[],"class_list":["post-10107","post","type-post","status-publish","format-standard","hentry","category-general"],"_links":{"self":[{"href":"https:\/\/elpoblenoudebenitatxell.com\/va\/wp-json\/wp\/v2\/posts\/10107","targetHints":{"allow":["GET"]}}],"collection":[{"href":"https:\/\/elpoblenoudebenitatxell.com\/va\/wp-json\/wp\/v2\/posts"}],"about":[{"href":"https:\/\/elpoblenoudebenitatxell.com\/va\/wp-json\/wp\/v2\/types\/post"}],"author":[{"embeddable":true,"href":"https:\/\/elpoblenoudebenitatxell.com\/va\/wp-json\/wp\/v2\/users\/14"}],"replies":[{"embeddable":true,"href":"https:\/\/elpoblenoudebenitatxell.com\/va\/wp-json\/wp\/v2\/comments?post=10107"}],"version-history":[{"count":1,"href":"https:\/\/elpoblenoudebenitatxell.com\/va\/wp-json\/wp\/v2\/posts\/10107\/revisions"}],"predecessor-version":[{"id":30236,"href":"https:\/\/elpoblenoudebenitatxell.com\/va\/wp-json\/wp\/v2\/posts\/10107\/revisions\/30236"}],"wp:attachment":[{"href":"https:\/\/elpoblenoudebenitatxell.com\/va\/wp-json\/wp\/v2\/media?parent=10107"}],"wp:term":[{"taxonomy":"category","embeddable":true,"href":"https:\/\/elpoblenoudebenitatxell.com\/va\/wp-json\/wp\/v2\/categories?post=10107"},{"taxonomy":"post_tag","embeddable":true,"href":"https:\/\/elpoblenoudebenitatxell.com\/va\/wp-json\/wp\/v2\/tags?post=10107"}],"curies":[{"name":"wp","href":"https:\/\/api.w.org\/{rel}","templated":true}]}}