{"id":10019,"date":"2013-10-25T00:00:00","date_gmt":"2013-10-24T22:00:00","guid":{"rendered":"https:\/\/ayuntamientobenitatxell.lookishtg.com\/464-el-banco-de-alimentos-de-alicante-a-traves-de-caritas-empieza-hoy-una-colecta-de-productos-basicos-en-el-poble-nou-de-benitatxell\/"},"modified":"2025-10-23T15:54:49","modified_gmt":"2025-10-23T13:54:49","slug":"464-el-banco-de-alimentos-de-alicante-a-traves-de-caritas-empieza-hoy-una-colecta-de-productos-basicos-en-el-poble-nou-de-benitatxell","status":"publish","type":"post","link":"https:\/\/elpoblenoudebenitatxell.com\/va\/464-el-banco-de-alimentos-de-alicante-a-traves-de-caritas-empieza-hoy-una-colecta-de-productos-basicos-en-el-poble-nou-de-benitatxell\/","title":{"rendered":"El Banco de Alimentos de Alicante, a trav\u00e9s de C\u00e1ritas, empieza hoy una colecta de productos b\u00e1sicos en El Poble Nou de Benitatxell"},"content":{"rendered":"","protected":false},"excerpt":{"rendered":"","protected":false},"author":14,"featured_media":0,"comment_status":"closed","ping_status":"closed","sticky":false,"template":"","format":"standard","meta":{"footnotes":""},"categories":[77],"tags":[],"class_list":["post-10019","post","type-post","status-publish","format-standard","hentry","category-general"],"_links":{"self":[{"href":"https:\/\/elpoblenoudebenitatxell.com\/va\/wp-json\/wp\/v2\/posts\/10019","targetHints":{"allow":["GET"]}}],"collection":[{"href":"https:\/\/elpoblenoudebenitatxell.com\/va\/wp-json\/wp\/v2\/posts"}],"about":[{"href":"https:\/\/elpoblenoudebenitatxell.com\/va\/wp-json\/wp\/v2\/types\/post"}],"author":[{"embeddable":true,"href":"https:\/\/elpoblenoudebenitatxell.com\/va\/wp-json\/wp\/v2\/users\/14"}],"replies":[{"embeddable":true,"href":"https:\/\/elpoblenoudebenitatxell.com\/va\/wp-json\/wp\/v2\/comments?post=10019"}],"version-history":[{"count":1,"href":"https:\/\/elpoblenoudebenitatxell.com\/va\/wp-json\/wp\/v2\/posts\/10019\/revisions"}],"predecessor-version":[{"id":30148,"href":"https:\/\/elpoblenoudebenitatxell.com\/va\/wp-json\/wp\/v2\/posts\/10019\/revisions\/30148"}],"wp:attachment":[{"href":"https:\/\/elpoblenoudebenitatxell.com\/va\/wp-json\/wp\/v2\/media?parent=10019"}],"wp:term":[{"taxonomy":"category","embeddable":true,"href":"https:\/\/elpoblenoudebenitatxell.com\/va\/wp-json\/wp\/v2\/categories?post=10019"},{"taxonomy":"post_tag","embeddable":true,"href":"https:\/\/elpoblenoudebenitatxell.com\/va\/wp-json\/wp\/v2\/tags?post=10019"}],"curies":[{"name":"wp","href":"https:\/\/api.w.org\/{rel}","templated":true}]}}