{"id":9975,"date":"2014-01-31T00:00:00","date_gmt":"2014-01-30T23:00:00","guid":{"rendered":"https:\/\/ayuntamientobenitatxell.lookishtg.com\/420-la-corporacion-aprueba-el-estudio-de-viabilidad-para-la-creacion-de-una-empresa-publica\/"},"modified":"2025-10-23T15:54:46","modified_gmt":"2025-10-23T13:54:46","slug":"420-la-corporacion-aprueba-el-estudio-de-viabilidad-para-la-creacion-de-una-empresa-publica","status":"publish","type":"post","link":"https:\/\/elpoblenoudebenitatxell.com\/en\/420-la-corporacion-aprueba-el-estudio-de-viabilidad-para-la-creacion-de-una-empresa-publica\/","title":{"rendered":"La Corporaci\u00f3n aprueba el estudio de viabilidad para la creaci\u00f3n de una empresa p\u00fablica"},"content":{"rendered":"","protected":false},"excerpt":{"rendered":"","protected":false},"author":14,"featured_media":0,"comment_status":"closed","ping_status":"closed","sticky":false,"template":"","format":"standard","meta":{"footnotes":""},"categories":[77],"tags":[],"class_list":["post-9975","post","type-post","status-publish","format-standard","hentry","category-general"],"_links":{"self":[{"href":"https:\/\/elpoblenoudebenitatxell.com\/en\/wp-json\/wp\/v2\/posts\/9975","targetHints":{"allow":["GET"]}}],"collection":[{"href":"https:\/\/elpoblenoudebenitatxell.com\/en\/wp-json\/wp\/v2\/posts"}],"about":[{"href":"https:\/\/elpoblenoudebenitatxell.com\/en\/wp-json\/wp\/v2\/types\/post"}],"author":[{"embeddable":true,"href":"https:\/\/elpoblenoudebenitatxell.com\/en\/wp-json\/wp\/v2\/users\/14"}],"replies":[{"embeddable":true,"href":"https:\/\/elpoblenoudebenitatxell.com\/en\/wp-json\/wp\/v2\/comments?post=9975"}],"version-history":[{"count":1,"href":"https:\/\/elpoblenoudebenitatxell.com\/en\/wp-json\/wp\/v2\/posts\/9975\/revisions"}],"predecessor-version":[{"id":30104,"href":"https:\/\/elpoblenoudebenitatxell.com\/en\/wp-json\/wp\/v2\/posts\/9975\/revisions\/30104"}],"wp:attachment":[{"href":"https:\/\/elpoblenoudebenitatxell.com\/en\/wp-json\/wp\/v2\/media?parent=9975"}],"wp:term":[{"taxonomy":"category","embeddable":true,"href":"https:\/\/elpoblenoudebenitatxell.com\/en\/wp-json\/wp\/v2\/categories?post=9975"},{"taxonomy":"post_tag","embeddable":true,"href":"https:\/\/elpoblenoudebenitatxell.com\/en\/wp-json\/wp\/v2\/tags?post=9975"}],"curies":[{"name":"wp","href":"https:\/\/api.w.org\/{rel}","templated":true}]}}