{"id":9972,"date":"2014-02-05T00:00:00","date_gmt":"2014-02-04T23:00:00","guid":{"rendered":"https:\/\/ayuntamientobenitatxell.lookishtg.com\/417-la-concejalia-de-cultura-abre-la-inscripcion-del-iii-concurso-de-jovenes-interpretes-de-el-poble-nou-de-benitatxell\/"},"modified":"2025-10-23T15:54:46","modified_gmt":"2025-10-23T13:54:46","slug":"417-la-concejalia-de-cultura-abre-la-inscripcion-del-iii-concurso-de-jovenes-interpretes-de-el-poble-nou-de-benitatxell","status":"publish","type":"post","link":"https:\/\/elpoblenoudebenitatxell.com\/en\/417-la-concejalia-de-cultura-abre-la-inscripcion-del-iii-concurso-de-jovenes-interpretes-de-el-poble-nou-de-benitatxell\/","title":{"rendered":"La Concejal\u00eda de Cultura abre la inscripci\u00f3n del III Concurso de J\u00f3venes Int\u00e9rpretes de El Poble Nou de Benitatxell"},"content":{"rendered":"","protected":false},"excerpt":{"rendered":"","protected":false},"author":14,"featured_media":0,"comment_status":"closed","ping_status":"closed","sticky":false,"template":"","format":"standard","meta":{"footnotes":""},"categories":[77],"tags":[],"class_list":["post-9972","post","type-post","status-publish","format-standard","hentry","category-general"],"_links":{"self":[{"href":"https:\/\/elpoblenoudebenitatxell.com\/en\/wp-json\/wp\/v2\/posts\/9972","targetHints":{"allow":["GET"]}}],"collection":[{"href":"https:\/\/elpoblenoudebenitatxell.com\/en\/wp-json\/wp\/v2\/posts"}],"about":[{"href":"https:\/\/elpoblenoudebenitatxell.com\/en\/wp-json\/wp\/v2\/types\/post"}],"author":[{"embeddable":true,"href":"https:\/\/elpoblenoudebenitatxell.com\/en\/wp-json\/wp\/v2\/users\/14"}],"replies":[{"embeddable":true,"href":"https:\/\/elpoblenoudebenitatxell.com\/en\/wp-json\/wp\/v2\/comments?post=9972"}],"version-history":[{"count":1,"href":"https:\/\/elpoblenoudebenitatxell.com\/en\/wp-json\/wp\/v2\/posts\/9972\/revisions"}],"predecessor-version":[{"id":30101,"href":"https:\/\/elpoblenoudebenitatxell.com\/en\/wp-json\/wp\/v2\/posts\/9972\/revisions\/30101"}],"wp:attachment":[{"href":"https:\/\/elpoblenoudebenitatxell.com\/en\/wp-json\/wp\/v2\/media?parent=9972"}],"wp:term":[{"taxonomy":"category","embeddable":true,"href":"https:\/\/elpoblenoudebenitatxell.com\/en\/wp-json\/wp\/v2\/categories?post=9972"},{"taxonomy":"post_tag","embeddable":true,"href":"https:\/\/elpoblenoudebenitatxell.com\/en\/wp-json\/wp\/v2\/tags?post=9972"}],"curies":[{"name":"wp","href":"https:\/\/api.w.org\/{rel}","templated":true}]}}