{"id":9878,"date":"2014-08-08T00:00:00","date_gmt":"2014-08-07T22:00:00","guid":{"rendered":"https:\/\/ayuntamientobenitatxell.lookishtg.com\/323-la-asociacion-defensors-del-moscatell-de-la-marina-alta-y-el-proyecto-biomoscatell-de-el-poble-nou-de-benitatxell-participaran-en-una-conferencia-conjunta-en-la-estacion-maritima-de-denia\/"},"modified":"2025-10-23T15:54:45","modified_gmt":"2025-10-23T13:54:45","slug":"323-la-asociacion-defensors-del-moscatell-de-la-marina-alta-y-el-proyecto-biomoscatell-de-el-poble-nou-de-benitatxell-participaran-en-una-conferencia-conjunta-en-la-estacion-maritima-de-denia","status":"publish","type":"post","link":"https:\/\/elpoblenoudebenitatxell.com\/en\/323-la-asociacion-defensors-del-moscatell-de-la-marina-alta-y-el-proyecto-biomoscatell-de-el-poble-nou-de-benitatxell-participaran-en-una-conferencia-conjunta-en-la-estacion-maritima-de-denia\/","title":{"rendered":"La Asociaci\u00f3n Defensors del Moscatell de la Marina Alta y el proyecto BioMoscatell de El Poble Nou de Benitatxell participar\u00e1n en una conferencia conjunta en la Estaci\u00f3n Mar\u00edtima de D\u00e9nia"},"content":{"rendered":"","protected":false},"excerpt":{"rendered":"","protected":false},"author":14,"featured_media":0,"comment_status":"closed","ping_status":"closed","sticky":false,"template":"","format":"standard","meta":{"footnotes":""},"categories":[77],"tags":[],"class_list":["post-9878","post","type-post","status-publish","format-standard","hentry","category-general"],"_links":{"self":[{"href":"https:\/\/elpoblenoudebenitatxell.com\/en\/wp-json\/wp\/v2\/posts\/9878","targetHints":{"allow":["GET"]}}],"collection":[{"href":"https:\/\/elpoblenoudebenitatxell.com\/en\/wp-json\/wp\/v2\/posts"}],"about":[{"href":"https:\/\/elpoblenoudebenitatxell.com\/en\/wp-json\/wp\/v2\/types\/post"}],"author":[{"embeddable":true,"href":"https:\/\/elpoblenoudebenitatxell.com\/en\/wp-json\/wp\/v2\/users\/14"}],"replies":[{"embeddable":true,"href":"https:\/\/elpoblenoudebenitatxell.com\/en\/wp-json\/wp\/v2\/comments?post=9878"}],"version-history":[{"count":1,"href":"https:\/\/elpoblenoudebenitatxell.com\/en\/wp-json\/wp\/v2\/posts\/9878\/revisions"}],"predecessor-version":[{"id":30007,"href":"https:\/\/elpoblenoudebenitatxell.com\/en\/wp-json\/wp\/v2\/posts\/9878\/revisions\/30007"}],"wp:attachment":[{"href":"https:\/\/elpoblenoudebenitatxell.com\/en\/wp-json\/wp\/v2\/media?parent=9878"}],"wp:term":[{"taxonomy":"category","embeddable":true,"href":"https:\/\/elpoblenoudebenitatxell.com\/en\/wp-json\/wp\/v2\/categories?post=9878"},{"taxonomy":"post_tag","embeddable":true,"href":"https:\/\/elpoblenoudebenitatxell.com\/en\/wp-json\/wp\/v2\/tags?post=9878"}],"curies":[{"name":"wp","href":"https:\/\/api.w.org\/{rel}","templated":true}]}}