{"id":9850,"date":"2014-10-02T00:00:00","date_gmt":"2014-10-01T22:00:00","guid":{"rendered":"https:\/\/ayuntamientobenitatxell.lookishtg.com\/295-el-proyecto-de-produccion-de-uva-de-moscatel-ecologica-biomoscatell-en-el-congreso-de-alimentacion-seae-de-vitoria\/"},"modified":"2025-10-23T15:54:43","modified_gmt":"2025-10-23T13:54:43","slug":"295-el-proyecto-de-produccion-de-uva-de-moscatel-ecologica-biomoscatell-en-el-congreso-de-alimentacion-seae-de-vitoria","status":"publish","type":"post","link":"https:\/\/elpoblenoudebenitatxell.com\/en\/295-el-proyecto-de-produccion-de-uva-de-moscatel-ecologica-biomoscatell-en-el-congreso-de-alimentacion-seae-de-vitoria\/","title":{"rendered":"El proyecto de producci\u00f3n de uva de moscatel ecol\u00f3gica BioMoscatell, en el Congreso de Alimentaci\u00f3n SEAE de Vitoria"},"content":{"rendered":"","protected":false},"excerpt":{"rendered":"","protected":false},"author":14,"featured_media":0,"comment_status":"closed","ping_status":"closed","sticky":false,"template":"","format":"standard","meta":{"footnotes":""},"categories":[77],"tags":[],"class_list":["post-9850","post","type-post","status-publish","format-standard","hentry","category-general"],"_links":{"self":[{"href":"https:\/\/elpoblenoudebenitatxell.com\/en\/wp-json\/wp\/v2\/posts\/9850","targetHints":{"allow":["GET"]}}],"collection":[{"href":"https:\/\/elpoblenoudebenitatxell.com\/en\/wp-json\/wp\/v2\/posts"}],"about":[{"href":"https:\/\/elpoblenoudebenitatxell.com\/en\/wp-json\/wp\/v2\/types\/post"}],"author":[{"embeddable":true,"href":"https:\/\/elpoblenoudebenitatxell.com\/en\/wp-json\/wp\/v2\/users\/14"}],"replies":[{"embeddable":true,"href":"https:\/\/elpoblenoudebenitatxell.com\/en\/wp-json\/wp\/v2\/comments?post=9850"}],"version-history":[{"count":1,"href":"https:\/\/elpoblenoudebenitatxell.com\/en\/wp-json\/wp\/v2\/posts\/9850\/revisions"}],"predecessor-version":[{"id":29979,"href":"https:\/\/elpoblenoudebenitatxell.com\/en\/wp-json\/wp\/v2\/posts\/9850\/revisions\/29979"}],"wp:attachment":[{"href":"https:\/\/elpoblenoudebenitatxell.com\/en\/wp-json\/wp\/v2\/media?parent=9850"}],"wp:term":[{"taxonomy":"category","embeddable":true,"href":"https:\/\/elpoblenoudebenitatxell.com\/en\/wp-json\/wp\/v2\/categories?post=9850"},{"taxonomy":"post_tag","embeddable":true,"href":"https:\/\/elpoblenoudebenitatxell.com\/en\/wp-json\/wp\/v2\/tags?post=9850"}],"curies":[{"name":"wp","href":"https:\/\/api.w.org\/{rel}","templated":true}]}}