{"id":9828,"date":"2014-11-18T00:00:00","date_gmt":"2014-11-17T23:00:00","guid":{"rendered":"https:\/\/ayuntamientobenitatxell.lookishtg.com\/273-los-ninos-y-las-familias-protagonizaran-las-actividades-contra-la-violencia-de-genero-en-el-poble-nou-de-benitatxell\/"},"modified":"2025-10-23T15:54:42","modified_gmt":"2025-10-23T13:54:42","slug":"273-los-ninos-y-las-familias-protagonizaran-las-actividades-contra-la-violencia-de-genero-en-el-poble-nou-de-benitatxell","status":"publish","type":"post","link":"https:\/\/elpoblenoudebenitatxell.com\/en\/273-los-ninos-y-las-familias-protagonizaran-las-actividades-contra-la-violencia-de-genero-en-el-poble-nou-de-benitatxell\/","title":{"rendered":"Los ni\u00f1os y las familias protagonizar\u00e1n las actividades contra la violencia de g\u00e9nero en El Poble Nou de Benitatxell"},"content":{"rendered":"","protected":false},"excerpt":{"rendered":"","protected":false},"author":14,"featured_media":0,"comment_status":"closed","ping_status":"closed","sticky":false,"template":"","format":"standard","meta":{"footnotes":""},"categories":[77],"tags":[],"class_list":["post-9828","post","type-post","status-publish","format-standard","hentry","category-general"],"_links":{"self":[{"href":"https:\/\/elpoblenoudebenitatxell.com\/en\/wp-json\/wp\/v2\/posts\/9828","targetHints":{"allow":["GET"]}}],"collection":[{"href":"https:\/\/elpoblenoudebenitatxell.com\/en\/wp-json\/wp\/v2\/posts"}],"about":[{"href":"https:\/\/elpoblenoudebenitatxell.com\/en\/wp-json\/wp\/v2\/types\/post"}],"author":[{"embeddable":true,"href":"https:\/\/elpoblenoudebenitatxell.com\/en\/wp-json\/wp\/v2\/users\/14"}],"replies":[{"embeddable":true,"href":"https:\/\/elpoblenoudebenitatxell.com\/en\/wp-json\/wp\/v2\/comments?post=9828"}],"version-history":[{"count":1,"href":"https:\/\/elpoblenoudebenitatxell.com\/en\/wp-json\/wp\/v2\/posts\/9828\/revisions"}],"predecessor-version":[{"id":29957,"href":"https:\/\/elpoblenoudebenitatxell.com\/en\/wp-json\/wp\/v2\/posts\/9828\/revisions\/29957"}],"wp:attachment":[{"href":"https:\/\/elpoblenoudebenitatxell.com\/en\/wp-json\/wp\/v2\/media?parent=9828"}],"wp:term":[{"taxonomy":"category","embeddable":true,"href":"https:\/\/elpoblenoudebenitatxell.com\/en\/wp-json\/wp\/v2\/categories?post=9828"},{"taxonomy":"post_tag","embeddable":true,"href":"https:\/\/elpoblenoudebenitatxell.com\/en\/wp-json\/wp\/v2\/tags?post=9828"}],"curies":[{"name":"wp","href":"https:\/\/api.w.org\/{rel}","templated":true}]}}