{"id":9678,"date":"2015-10-01T00:00:00","date_gmt":"2015-09-30T22:00:00","guid":{"rendered":"https:\/\/ayuntamientobenitatxell.lookishtg.com\/123-josep-femenia-se-reune-con-la-confederacion-hidrografica-del-jucar-para-la-mejora-de-las-infraestructuras-del-sistema-hidraulico\/"},"modified":"2025-10-23T15:54:39","modified_gmt":"2025-10-23T13:54:39","slug":"123-josep-femenia-se-reune-con-la-confederacion-hidrografica-del-jucar-para-la-mejora-de-las-infraestructuras-del-sistema-hidraulico","status":"publish","type":"post","link":"https:\/\/elpoblenoudebenitatxell.com\/en\/123-josep-femenia-se-reune-con-la-confederacion-hidrografica-del-jucar-para-la-mejora-de-las-infraestructuras-del-sistema-hidraulico\/","title":{"rendered":"Josep Femen\u00eda se re\u00fane con la Confederaci\u00f3n Hidrogr\u00e1fica del J\u00facar para la mejora de las infraestructuras del sistema hidr\u00e1ulico."},"content":{"rendered":"","protected":false},"excerpt":{"rendered":"","protected":false},"author":14,"featured_media":0,"comment_status":"closed","ping_status":"closed","sticky":false,"template":"","format":"standard","meta":{"footnotes":""},"categories":[77],"tags":[],"class_list":["post-9678","post","type-post","status-publish","format-standard","hentry","category-general"],"_links":{"self":[{"href":"https:\/\/elpoblenoudebenitatxell.com\/en\/wp-json\/wp\/v2\/posts\/9678","targetHints":{"allow":["GET"]}}],"collection":[{"href":"https:\/\/elpoblenoudebenitatxell.com\/en\/wp-json\/wp\/v2\/posts"}],"about":[{"href":"https:\/\/elpoblenoudebenitatxell.com\/en\/wp-json\/wp\/v2\/types\/post"}],"author":[{"embeddable":true,"href":"https:\/\/elpoblenoudebenitatxell.com\/en\/wp-json\/wp\/v2\/users\/14"}],"replies":[{"embeddable":true,"href":"https:\/\/elpoblenoudebenitatxell.com\/en\/wp-json\/wp\/v2\/comments?post=9678"}],"version-history":[{"count":1,"href":"https:\/\/elpoblenoudebenitatxell.com\/en\/wp-json\/wp\/v2\/posts\/9678\/revisions"}],"predecessor-version":[{"id":29807,"href":"https:\/\/elpoblenoudebenitatxell.com\/en\/wp-json\/wp\/v2\/posts\/9678\/revisions\/29807"}],"wp:attachment":[{"href":"https:\/\/elpoblenoudebenitatxell.com\/en\/wp-json\/wp\/v2\/media?parent=9678"}],"wp:term":[{"taxonomy":"category","embeddable":true,"href":"https:\/\/elpoblenoudebenitatxell.com\/en\/wp-json\/wp\/v2\/categories?post=9678"},{"taxonomy":"post_tag","embeddable":true,"href":"https:\/\/elpoblenoudebenitatxell.com\/en\/wp-json\/wp\/v2\/tags?post=9678"}],"curies":[{"name":"wp","href":"https:\/\/api.w.org\/{rel}","templated":true}]}}