{"id":37483,"date":"2026-09-02T14:08:23","date_gmt":"2026-09-02T13:08:23","guid":{"rendered":"https:\/\/elpoblenoudebenitatxell.com\/?p=37483"},"modified":"2026-09-03T07:31:06","modified_gmt":"2026-09-03T06:31:06","slug":"si-no-dejas-tu-casa-en-un-incendio-puedes-dejarte-la-vida-benitatxell-ensena-ciudadania-como-actuar-ante-las-emergencias","status":"publish","type":"post","link":"https:\/\/elpoblenoudebenitatxell.com\/en\/si-no-dejas-tu-casa-en-un-incendio-puedes-dejarte-la-vida-benitatxell-ensena-ciudadania-como-actuar-ante-las-emergencias\/","title":{"rendered":"\u201cSi no dejas tu casa en un incendio, puedes dejarte la vida\u201d: Benitatxell ense\u00f1a a la ciudadan\u00eda c\u00f3mo actuar ante las emergencias"},"content":{"rendered":"<ul style=\"text-align: justify;\">\n<li><em>El Edificio El Puig acogi\u00f3 ayer la \u2018Jornada de Autoprotecci\u00f3n: Prevenci\u00f3n ante los incendios forestales y las emergencias\u2019, organizada por Emerg\u00e8ncies de la Generalitat Valenciana<\/em><\/li>\n<li><em>La charla cont\u00f3 con las intervenciones de Mar\u00eda Jos\u00e9 Ivars, concejala de Seguridad Ciudadana; Miriam Gil, directora general de Innovaci\u00f3n en Emergencias; y Ernesto Navarro, de la empresa EMERPROTEC<\/em><\/li>\n<\/ul>\n<p>&nbsp;<\/p>\n<p style=\"text-align: justify;\">El Edificio El Puig de El Poble Nou de Benitatxell acogi\u00f3 ayer martes la <strong>\u2018Jornada de Autoprotecci\u00f3n: Prevenci\u00f3n ante incendios forestales y emergencias\u2019<\/strong>, una iniciativa de la Conselleria de Emergencias e Interior de la Generalitat Valenciana. El municipio fue elegido como sede de la Marina Alta para acoger esta formaci\u00f3n dirigida a localidades de menos de 20.000 habitantes, donde las caracter\u00edsticas del territorio y la cercan\u00eda a entornos naturales hacen vital la preparaci\u00f3n ciudadana.<\/p>\n<p style=\"text-align: justify;\">El acto cont\u00f3 con la participaci\u00f3n de la concejala de Seguridad Ciudadana, <strong>Mar\u00eda Jos\u00e9 Ivars,<\/strong> la directora general de Innovaci\u00f3n en Emergencias, <strong>Miriam Gil,<\/strong> y el experto en emergencias <strong>Ernesto Navarro<\/strong>, de la empresa EMERPROTEC, encargado de impartir los contenidos pr\u00e1cticos. Asimismo, asistieron autoridades comarcales, representantes de los voluntarios de Protecci\u00f3n Civil de Benitatxell y de la comarca, efectivos de la Polic\u00eda Local y vecinos y vecinas.<\/p>\n<p style=\"text-align: justify;\"><strong>La prevenci\u00f3n y la autoprotecci\u00f3n empiezan en cada casa<\/strong><\/p>\n<p style=\"text-align: justify;\">La concejala de Seguridad Ciudadana, <strong>Mar\u00eda Jos\u00e9 Ivars<\/strong>, fue la encargada de dar la bienvenida a los asistentes, agradeciendo la labor de los cuerpos de seguridad y voluntarios, as\u00ed como la presencia de la directora general: \u00abComo poblera, es un orgullo tenerte aqu\u00ed en tu casa, Miriam, y te damos las gracias por elegir El Poble Nou de Benitatxell como sede comarcal para acoger esta jornada\u00bb.<\/p>\n<p style=\"text-align: justify;\">Ivars remarc\u00f3 el trabajo constante del Ayuntamiento en materia de prevenci\u00f3n: \u00abTrabajamos codo con codo con los cuerpos de emergencia locales. Buen ejemplo son actuaciones como la se\u00f1alizaci\u00f3n de los 5 puntos de encuentro en caso de emergencia en el t\u00e9rmino municipal, las m\u00e1s de 1.100 horas de vigilancia forestal realizadas por Protecci\u00f3n Civil o los sensores inteligentes para detectar incendios\u00bb.<\/p>\n<p style=\"text-align: justify;\">Por su parte, la directora general de Innovaci\u00f3n en Emergencias, <strong>Miriam Gil<\/strong>, explic\u00f3 que la elecci\u00f3n de El Poble Nou de Benitatxell responde a la realidad de su territorio. El municipio cuenta con una importante interfaz urbano-forestal, con muchas viviendas diseminadas cercanas a masas vegetales y una alta densidad de chal\u00e9s, adem\u00e1s de estar expuesto a otros fen\u00f3menos como lluvias torrenciales, fuertes rachas de viento u olas de calor, lo que hace vital dotar a la ciudadan\u00eda de herramientas de actuaci\u00f3n.<\/p>\n<p style=\"text-align: justify;\"><strong>Pautas pr\u00e1cticas y consejos para afrontar cualquier emergencia<\/strong><\/p>\n<p style=\"text-align: justify;\">El bloque central de la jornada, a cargo de <strong>Ernesto Navarro<\/strong>, abord\u00f3 c\u00f3mo actuar antes, durante y despu\u00e9s de situaciones de riesgo como incendios, inundaciones, tormentas el\u00e9ctricas, vientos, terremotos o emergencias dom\u00e9sticas. Navarro resalt\u00f3 que \u00ablo m\u00e1s importante en todas las emergencias es la autoprotecci\u00f3n\u201d<em>, <\/em>porque no todas requieren las mismas actuaciones y los veh\u00edculos de emergencia no siempre van a poder llegar inmediatamente. El experto alab\u00f3 expresamente la labor municipal en El Poble Nou de Benitatxell por la se\u00f1alizaci\u00f3n de los 5 puntos de encuentro por zonas a los que acudir cuando haya una cat\u00e1strofe o emergencia, calific\u00e1ndolo de \u00abexcelente trabajo\u00bb.<\/p>\n<p style=\"text-align: justify;\">En el \u00e1mbito de los incendios forestales, Navarro advirti\u00f3 sobre factores de riesgo actuales como la plaga de la procesionaria \u2014que seca los \u00e1rboles y aumenta su combustibilidad\u2014 y subray\u00f3 que \u00abel 90% de los incendios no se inicia en el monte, sino en zonas de cultivo o parcelas abandonadas y descuidadas, es decir, en la zona perimetral\u00bb. Sobre la gesti\u00f3n de estas parcelas privadas, record\u00f3 la complejidad de los procedimientos administrativos y multas coercitivas que deben tramitar los ayuntamientos antes de poder actuar de oficio, insistiendo en que la mejor herramienta es la silvicultura preventiva profesional.<\/p>\n<p style=\"text-align: justify;\">Asimismo, se hizo un llamamiento a la importancia de contar con un mapa de vulnerabilidad municipal actualizado anualmente para atender de manera inmediata a personas mayores o con movilidad reducida, y se record\u00f3 el papel clave de la alerta temprana y el uso responsable del 112 y la APP 112 GVA.<\/p>\n<p style=\"text-align: justify;\">Para cerrar, Navarro lanz\u00f3 un mensaje contundente sobre la seguridad personal en caso de evacuaci\u00f3n: <em>\u00ab<\/em>Cuando en un incendio hay que abandonar la vivienda, se debe de seguir las instrucciones de los cuerpos de emergencias y hacerlo inmediatamente; si no dejas tu casa, puedes dejarte la vida\u00bb.<\/p>\n\t\t<div data-elementor-type=\"container\" data-elementor-id=\"33486\" class=\"elementor elementor-33486\" data-elementor-post-type=\"elementor_library\">\n\t\t\t\t<div class=\"elementor-element elementor-element-d5b9895 e-flex e-con-boxed e-con e-parent\" data-id=\"d5b9895\" data-element_type=\"container\" data-e-type=\"container\">\n\t\t\t\t\t<div class=\"e-con-inner\">\n\t\t\t\t<div class=\"elementor-element elementor-element-c8085f6 gallery-spacing-custom elementor-widget elementor-widget-image-gallery\" data-id=\"c8085f6\" data-element_type=\"widget\" data-e-type=\"widget\" data-widget_type=\"image-gallery.default\">\n\t\t\t\t\t\t\t<div class=\"elementor-image-gallery\">\n\t\t\t<div id='gallery-1' class='gallery galleryid-37483 gallery-columns-3 gallery-size-full'><figure class='gallery-item'>\n\t\t\t<div class='gallery-icon landscape'>\n\t\t\t\t<a data-elementor-open-lightbox=\"yes\" data-elementor-lightbox-slideshow=\"c8085f6\" data-elementor-lightbox-title=\"IMG_1551\" data-e-action-hash=\"#elementor-action%3Aaction%3Dlightbox%26settings%3DeyJpZCI6Mzc0ODgsInVybCI6Imh0dHBzOlwvXC9lbHBvYmxlbm91ZGViZW5pdGF0eGVsbC5jb21cL3dwLWNvbnRlbnRcL3VwbG9hZHNcLzIwMjZcLzA5XC9JTUdfMTU1MS1zY2FsZWQuanBnIiwic2xpZGVzaG93IjoiYzgwODVmNiJ9\" href='https:\/\/elpoblenoudebenitatxell.com\/wp-content\/uploads\/2026\/09\/IMG_1551-scaled.jpg'><img fetchpriority=\"high\" decoding=\"async\" width=\"2560\" height=\"1707\" src=\"https:\/\/elpoblenoudebenitatxell.com\/wp-content\/uploads\/2026\/09\/IMG_1551-scaled.jpg\" class=\"attachment-full size-full\" alt=\"\" srcset=\"https:\/\/elpoblenoudebenitatxell.com\/wp-content\/uploads\/2026\/09\/IMG_1551-scaled.jpg 2560w, https:\/\/elpoblenoudebenitatxell.com\/wp-content\/uploads\/2026\/09\/IMG_1551-300x200.jpg 300w, https:\/\/elpoblenoudebenitatxell.com\/wp-content\/uploads\/2026\/09\/IMG_1551-1024x683.jpg 1024w, https:\/\/elpoblenoudebenitatxell.com\/wp-content\/uploads\/2026\/09\/IMG_1551-768x512.jpg 768w, https:\/\/elpoblenoudebenitatxell.com\/wp-content\/uploads\/2026\/09\/IMG_1551-1536x1024.jpg 1536w, https:\/\/elpoblenoudebenitatxell.com\/wp-content\/uploads\/2026\/09\/IMG_1551-2048x1365.jpg 2048w, https:\/\/elpoblenoudebenitatxell.com\/wp-content\/uploads\/2026\/09\/IMG_1551-18x12.jpg 18w\" sizes=\"(max-width: 2560px) 100vw, 2560px\" \/><\/a>\n\t\t\t<\/div><\/figure><figure class='gallery-item'>\n\t\t\t<div class='gallery-icon landscape'>\n\t\t\t\t<a data-elementor-open-lightbox=\"yes\" data-elementor-lightbox-slideshow=\"c8085f6\" data-elementor-lightbox-title=\"IMG_1569\" data-e-action-hash=\"#elementor-action%3Aaction%3Dlightbox%26settings%3DeyJpZCI6Mzc0OTQsInVybCI6Imh0dHBzOlwvXC9lbHBvYmxlbm91ZGViZW5pdGF0eGVsbC5jb21cL3dwLWNvbnRlbnRcL3VwbG9hZHNcLzIwMjZcLzA5XC9JTUdfMTU2OS1zY2FsZWQuanBnIiwic2xpZGVzaG93IjoiYzgwODVmNiJ9\" href='https:\/\/elpoblenoudebenitatxell.com\/wp-content\/uploads\/2026\/09\/IMG_1569-scaled.jpg'><img decoding=\"async\" width=\"2560\" height=\"1707\" src=\"https:\/\/elpoblenoudebenitatxell.com\/wp-content\/uploads\/2026\/09\/IMG_1569-scaled.jpg\" class=\"attachment-full size-full\" alt=\"\" srcset=\"https:\/\/elpoblenoudebenitatxell.com\/wp-content\/uploads\/2026\/09\/IMG_1569-scaled.jpg 2560w, https:\/\/elpoblenoudebenitatxell.com\/wp-content\/uploads\/2026\/09\/IMG_1569-300x200.jpg 300w, https:\/\/elpoblenoudebenitatxell.com\/wp-content\/uploads\/2026\/09\/IMG_1569-1024x683.jpg 1024w, https:\/\/elpoblenoudebenitatxell.com\/wp-content\/uploads\/2026\/09\/IMG_1569-768x512.jpg 768w, https:\/\/elpoblenoudebenitatxell.com\/wp-content\/uploads\/2026\/09\/IMG_1569-1536x1024.jpg 1536w, https:\/\/elpoblenoudebenitatxell.com\/wp-content\/uploads\/2026\/09\/IMG_1569-2048x1365.jpg 2048w, https:\/\/elpoblenoudebenitatxell.com\/wp-content\/uploads\/2026\/09\/IMG_1569-18x12.jpg 18w\" sizes=\"(max-width: 2560px) 100vw, 2560px\" \/><\/a>\n\t\t\t<\/div><\/figure><figure class='gallery-item'>\n\t\t\t<div class='gallery-icon landscape'>\n\t\t\t\t<a data-elementor-open-lightbox=\"yes\" data-elementor-lightbox-slideshow=\"c8085f6\" data-elementor-lightbox-title=\"IMG_1557\" data-e-action-hash=\"#elementor-action%3Aaction%3Dlightbox%26settings%3DeyJpZCI6Mzc0OTEsInVybCI6Imh0dHBzOlwvXC9lbHBvYmxlbm91ZGViZW5pdGF0eGVsbC5jb21cL3dwLWNvbnRlbnRcL3VwbG9hZHNcLzIwMjZcLzA5XC9JTUdfMTU1Ny1zY2FsZWQuanBnIiwic2xpZGVzaG93IjoiYzgwODVmNiJ9\" href='https:\/\/elpoblenoudebenitatxell.com\/wp-content\/uploads\/2026\/09\/IMG_1557-scaled.jpg'><img decoding=\"async\" width=\"2560\" height=\"1707\" src=\"https:\/\/elpoblenoudebenitatxell.com\/wp-content\/uploads\/2026\/09\/IMG_1557-scaled.jpg\" class=\"attachment-full size-full\" alt=\"\" srcset=\"https:\/\/elpoblenoudebenitatxell.com\/wp-content\/uploads\/2026\/09\/IMG_1557-scaled.jpg 2560w, https:\/\/elpoblenoudebenitatxell.com\/wp-content\/uploads\/2026\/09\/IMG_1557-300x200.jpg 300w, https:\/\/elpoblenoudebenitatxell.com\/wp-content\/uploads\/2026\/09\/IMG_1557-1024x683.jpg 1024w, https:\/\/elpoblenoudebenitatxell.com\/wp-content\/uploads\/2026\/09\/IMG_1557-768x512.jpg 768w, https:\/\/elpoblenoudebenitatxell.com\/wp-content\/uploads\/2026\/09\/IMG_1557-1536x1024.jpg 1536w, https:\/\/elpoblenoudebenitatxell.com\/wp-content\/uploads\/2026\/09\/IMG_1557-2048x1365.jpg 2048w, https:\/\/elpoblenoudebenitatxell.com\/wp-content\/uploads\/2026\/09\/IMG_1557-18x12.jpg 18w\" sizes=\"(max-width: 2560px) 100vw, 2560px\" \/><\/a>\n\t\t\t<\/div><\/figure><figure class='gallery-item'>\n\t\t\t<div class='gallery-icon landscape'>\n\t\t\t\t<a data-elementor-open-lightbox=\"yes\" data-elementor-lightbox-slideshow=\"c8085f6\" data-elementor-lightbox-title=\"IMG_1550\" data-e-action-hash=\"#elementor-action%3Aaction%3Dlightbox%26settings%3DeyJpZCI6Mzc0ODcsInVybCI6Imh0dHBzOlwvXC9lbHBvYmxlbm91ZGViZW5pdGF0eGVsbC5jb21cL3dwLWNvbnRlbnRcL3VwbG9hZHNcLzIwMjZcLzA5XC9JTUdfMTU1MC1zY2FsZWQuanBnIiwic2xpZGVzaG93IjoiYzgwODVmNiJ9\" href='https:\/\/elpoblenoudebenitatxell.com\/wp-content\/uploads\/2026\/09\/IMG_1550-scaled.jpg'><img loading=\"lazy\" decoding=\"async\" width=\"2560\" height=\"1707\" src=\"https:\/\/elpoblenoudebenitatxell.com\/wp-content\/uploads\/2026\/09\/IMG_1550-scaled.jpg\" class=\"attachment-full size-full\" alt=\"\" srcset=\"https:\/\/elpoblenoudebenitatxell.com\/wp-content\/uploads\/2026\/09\/IMG_1550-scaled.jpg 2560w, https:\/\/elpoblenoudebenitatxell.com\/wp-content\/uploads\/2026\/09\/IMG_1550-300x200.jpg 300w, https:\/\/elpoblenoudebenitatxell.com\/wp-content\/uploads\/2026\/09\/IMG_1550-1024x683.jpg 1024w, https:\/\/elpoblenoudebenitatxell.com\/wp-content\/uploads\/2026\/09\/IMG_1550-768x512.jpg 768w, https:\/\/elpoblenoudebenitatxell.com\/wp-content\/uploads\/2026\/09\/IMG_1550-1536x1024.jpg 1536w, https:\/\/elpoblenoudebenitatxell.com\/wp-content\/uploads\/2026\/09\/IMG_1550-2048x1365.jpg 2048w, https:\/\/elpoblenoudebenitatxell.com\/wp-content\/uploads\/2026\/09\/IMG_1550-18x12.jpg 18w\" sizes=\"(max-width: 2560px) 100vw, 2560px\" \/><\/a>\n\t\t\t<\/div><\/figure><figure class='gallery-item'>\n\t\t\t<div class='gallery-icon landscape'>\n\t\t\t\t<a data-elementor-open-lightbox=\"yes\" data-elementor-lightbox-slideshow=\"c8085f6\" data-elementor-lightbox-title=\"IMG_1543\" data-e-action-hash=\"#elementor-action%3Aaction%3Dlightbox%26settings%3DeyJpZCI6Mzc0ODUsInVybCI6Imh0dHBzOlwvXC9lbHBvYmxlbm91ZGViZW5pdGF0eGVsbC5jb21cL3dwLWNvbnRlbnRcL3VwbG9hZHNcLzIwMjZcLzA5XC9JTUdfMTU0My1zY2FsZWQuanBnIiwic2xpZGVzaG93IjoiYzgwODVmNiJ9\" href='https:\/\/elpoblenoudebenitatxell.com\/wp-content\/uploads\/2026\/09\/IMG_1543-scaled.jpg'><img loading=\"lazy\" decoding=\"async\" width=\"2560\" height=\"1707\" src=\"https:\/\/elpoblenoudebenitatxell.com\/wp-content\/uploads\/2026\/09\/IMG_1543-scaled.jpg\" class=\"attachment-full size-full\" alt=\"\" srcset=\"https:\/\/elpoblenoudebenitatxell.com\/wp-content\/uploads\/2026\/09\/IMG_1543-scaled.jpg 2560w, https:\/\/elpoblenoudebenitatxell.com\/wp-content\/uploads\/2026\/09\/IMG_1543-300x200.jpg 300w, https:\/\/elpoblenoudebenitatxell.com\/wp-content\/uploads\/2026\/09\/IMG_1543-1024x683.jpg 1024w, https:\/\/elpoblenoudebenitatxell.com\/wp-content\/uploads\/2026\/09\/IMG_1543-768x512.jpg 768w, https:\/\/elpoblenoudebenitatxell.com\/wp-content\/uploads\/2026\/09\/IMG_1543-1536x1024.jpg 1536w, https:\/\/elpoblenoudebenitatxell.com\/wp-content\/uploads\/2026\/09\/IMG_1543-2048x1365.jpg 2048w, https:\/\/elpoblenoudebenitatxell.com\/wp-content\/uploads\/2026\/09\/IMG_1543-18x12.jpg 18w\" sizes=\"(max-width: 2560px) 100vw, 2560px\" \/><\/a>\n\t\t\t<\/div><\/figure><figure class='gallery-item'>\n\t\t\t<div class='gallery-icon landscape'>\n\t\t\t\t<a data-elementor-open-lightbox=\"yes\" data-elementor-lightbox-slideshow=\"c8085f6\" data-elementor-lightbox-title=\"IMG_1553\" data-e-action-hash=\"#elementor-action%3Aaction%3Dlightbox%26settings%3DeyJpZCI6Mzc0ODksInVybCI6Imh0dHBzOlwvXC9lbHBvYmxlbm91ZGViZW5pdGF0eGVsbC5jb21cL3dwLWNvbnRlbnRcL3VwbG9hZHNcLzIwMjZcLzA5XC9JTUdfMTU1My1zY2FsZWQuanBnIiwic2xpZGVzaG93IjoiYzgwODVmNiJ9\" href='https:\/\/elpoblenoudebenitatxell.com\/wp-content\/uploads\/2026\/09\/IMG_1553-scaled.jpg'><img loading=\"lazy\" decoding=\"async\" width=\"2560\" height=\"1707\" src=\"https:\/\/elpoblenoudebenitatxell.com\/wp-content\/uploads\/2026\/09\/IMG_1553-scaled.jpg\" class=\"attachment-full size-full\" alt=\"\" srcset=\"https:\/\/elpoblenoudebenitatxell.com\/wp-content\/uploads\/2026\/09\/IMG_1553-scaled.jpg 2560w, https:\/\/elpoblenoudebenitatxell.com\/wp-content\/uploads\/2026\/09\/IMG_1553-300x200.jpg 300w, https:\/\/elpoblenoudebenitatxell.com\/wp-content\/uploads\/2026\/09\/IMG_1553-1024x683.jpg 1024w, https:\/\/elpoblenoudebenitatxell.com\/wp-content\/uploads\/2026\/09\/IMG_1553-768x512.jpg 768w, https:\/\/elpoblenoudebenitatxell.com\/wp-content\/uploads\/2026\/09\/IMG_1553-1536x1024.jpg 1536w, https:\/\/elpoblenoudebenitatxell.com\/wp-content\/uploads\/2026\/09\/IMG_1553-2048x1365.jpg 2048w, https:\/\/elpoblenoudebenitatxell.com\/wp-content\/uploads\/2026\/09\/IMG_1553-18x12.jpg 18w\" sizes=\"(max-width: 2560px) 100vw, 2560px\" \/><\/a>\n\t\t\t<\/div><\/figure><figure class='gallery-item'>\n\t\t\t<div class='gallery-icon landscape'>\n\t\t\t\t<a data-elementor-open-lightbox=\"yes\" data-elementor-lightbox-slideshow=\"c8085f6\" data-elementor-lightbox-title=\"IMG_1554\" data-e-action-hash=\"#elementor-action%3Aaction%3Dlightbox%26settings%3DeyJpZCI6Mzc0OTAsInVybCI6Imh0dHBzOlwvXC9lbHBvYmxlbm91ZGViZW5pdGF0eGVsbC5jb21cL3dwLWNvbnRlbnRcL3VwbG9hZHNcLzIwMjZcLzA5XC9JTUdfMTU1NC1zY2FsZWQuanBnIiwic2xpZGVzaG93IjoiYzgwODVmNiJ9\" href='https:\/\/elpoblenoudebenitatxell.com\/wp-content\/uploads\/2026\/09\/IMG_1554-scaled.jpg'><img loading=\"lazy\" decoding=\"async\" width=\"2560\" height=\"1707\" src=\"https:\/\/elpoblenoudebenitatxell.com\/wp-content\/uploads\/2026\/09\/IMG_1554-scaled.jpg\" class=\"attachment-full size-full\" alt=\"\" srcset=\"https:\/\/elpoblenoudebenitatxell.com\/wp-content\/uploads\/2026\/09\/IMG_1554-scaled.jpg 2560w, https:\/\/elpoblenoudebenitatxell.com\/wp-content\/uploads\/2026\/09\/IMG_1554-300x200.jpg 300w, https:\/\/elpoblenoudebenitatxell.com\/wp-content\/uploads\/2026\/09\/IMG_1554-1024x683.jpg 1024w, https:\/\/elpoblenoudebenitatxell.com\/wp-content\/uploads\/2026\/09\/IMG_1554-768x512.jpg 768w, https:\/\/elpoblenoudebenitatxell.com\/wp-content\/uploads\/2026\/09\/IMG_1554-1536x1024.jpg 1536w, https:\/\/elpoblenoudebenitatxell.com\/wp-content\/uploads\/2026\/09\/IMG_1554-2048x1365.jpg 2048w, https:\/\/elpoblenoudebenitatxell.com\/wp-content\/uploads\/2026\/09\/IMG_1554-18x12.jpg 18w\" sizes=\"(max-width: 2560px) 100vw, 2560px\" \/><\/a>\n\t\t\t<\/div><\/figure><figure class='gallery-item'>\n\t\t\t<div class='gallery-icon landscape'>\n\t\t\t\t<a data-elementor-open-lightbox=\"yes\" data-elementor-lightbox-slideshow=\"c8085f6\" data-elementor-lightbox-title=\"IMG_1547\" data-e-action-hash=\"#elementor-action%3Aaction%3Dlightbox%26settings%3DeyJpZCI6Mzc0ODYsInVybCI6Imh0dHBzOlwvXC9lbHBvYmxlbm91ZGViZW5pdGF0eGVsbC5jb21cL3dwLWNvbnRlbnRcL3VwbG9hZHNcLzIwMjZcLzA5XC9JTUdfMTU0Ny1zY2FsZWQuanBnIiwic2xpZGVzaG93IjoiYzgwODVmNiJ9\" href='https:\/\/elpoblenoudebenitatxell.com\/wp-content\/uploads\/2026\/09\/IMG_1547-scaled.jpg'><img loading=\"lazy\" decoding=\"async\" width=\"2560\" height=\"1707\" src=\"https:\/\/elpoblenoudebenitatxell.com\/wp-content\/uploads\/2026\/09\/IMG_1547-scaled.jpg\" class=\"attachment-full size-full\" alt=\"\" srcset=\"https:\/\/elpoblenoudebenitatxell.com\/wp-content\/uploads\/2026\/09\/IMG_1547-scaled.jpg 2560w, https:\/\/elpoblenoudebenitatxell.com\/wp-content\/uploads\/2026\/09\/IMG_1547-300x200.jpg 300w, https:\/\/elpoblenoudebenitatxell.com\/wp-content\/uploads\/2026\/09\/IMG_1547-1024x683.jpg 1024w, https:\/\/elpoblenoudebenitatxell.com\/wp-content\/uploads\/2026\/09\/IMG_1547-768x512.jpg 768w, https:\/\/elpoblenoudebenitatxell.com\/wp-content\/uploads\/2026\/09\/IMG_1547-1536x1024.jpg 1536w, https:\/\/elpoblenoudebenitatxell.com\/wp-content\/uploads\/2026\/09\/IMG_1547-2048x1365.jpg 2048w, https:\/\/elpoblenoudebenitatxell.com\/wp-content\/uploads\/2026\/09\/IMG_1547-18x12.jpg 18w\" sizes=\"(max-width: 2560px) 100vw, 2560px\" \/><\/a>\n\t\t\t<\/div><\/figure><figure class='gallery-item'>\n\t\t\t<div class='gallery-icon landscape'>\n\t\t\t\t<a data-elementor-open-lightbox=\"yes\" data-elementor-lightbox-slideshow=\"c8085f6\" data-elementor-lightbox-title=\"IMG_1566\" data-e-action-hash=\"#elementor-action%3Aaction%3Dlightbox%26settings%3DeyJpZCI6Mzc0OTMsInVybCI6Imh0dHBzOlwvXC9lbHBvYmxlbm91ZGViZW5pdGF0eGVsbC5jb21cL3dwLWNvbnRlbnRcL3VwbG9hZHNcLzIwMjZcLzA5XC9JTUdfMTU2Ni1zY2FsZWQuanBnIiwic2xpZGVzaG93IjoiYzgwODVmNiJ9\" href='https:\/\/elpoblenoudebenitatxell.com\/wp-content\/uploads\/2026\/09\/IMG_1566-scaled.jpg'><img loading=\"lazy\" decoding=\"async\" width=\"2560\" height=\"1707\" src=\"https:\/\/elpoblenoudebenitatxell.com\/wp-content\/uploads\/2026\/09\/IMG_1566-scaled.jpg\" class=\"attachment-full size-full\" alt=\"\" srcset=\"https:\/\/elpoblenoudebenitatxell.com\/wp-content\/uploads\/2026\/09\/IMG_1566-scaled.jpg 2560w, https:\/\/elpoblenoudebenitatxell.com\/wp-content\/uploads\/2026\/09\/IMG_1566-300x200.jpg 300w, https:\/\/elpoblenoudebenitatxell.com\/wp-content\/uploads\/2026\/09\/IMG_1566-1024x683.jpg 1024w, https:\/\/elpoblenoudebenitatxell.com\/wp-content\/uploads\/2026\/09\/IMG_1566-768x512.jpg 768w, https:\/\/elpoblenoudebenitatxell.com\/wp-content\/uploads\/2026\/09\/IMG_1566-1536x1024.jpg 1536w, https:\/\/elpoblenoudebenitatxell.com\/wp-content\/uploads\/2026\/09\/IMG_1566-2048x1365.jpg 2048w, https:\/\/elpoblenoudebenitatxell.com\/wp-content\/uploads\/2026\/09\/IMG_1566-18x12.jpg 18w\" sizes=\"(max-width: 2560px) 100vw, 2560px\" \/><\/a>\n\t\t\t<\/div><\/figure><figure class='gallery-item'>\n\t\t\t<div class='gallery-icon landscape'>\n\t\t\t\t<a data-elementor-open-lightbox=\"yes\" data-elementor-lightbox-slideshow=\"c8085f6\" data-elementor-lightbox-title=\"IMG_1562\" data-e-action-hash=\"#elementor-action%3Aaction%3Dlightbox%26settings%3DeyJpZCI6Mzc0OTIsInVybCI6Imh0dHBzOlwvXC9lbHBvYmxlbm91ZGViZW5pdGF0eGVsbC5jb21cL3dwLWNvbnRlbnRcL3VwbG9hZHNcLzIwMjZcLzA5XC9JTUdfMTU2Mi1zY2FsZWQuanBnIiwic2xpZGVzaG93IjoiYzgwODVmNiJ9\" href='https:\/\/elpoblenoudebenitatxell.com\/wp-content\/uploads\/2026\/09\/IMG_1562-scaled.jpg'><img loading=\"lazy\" decoding=\"async\" width=\"2560\" height=\"1707\" src=\"https:\/\/elpoblenoudebenitatxell.com\/wp-content\/uploads\/2026\/09\/IMG_1562-scaled.jpg\" class=\"attachment-full size-full\" alt=\"\" srcset=\"https:\/\/elpoblenoudebenitatxell.com\/wp-content\/uploads\/2026\/09\/IMG_1562-scaled.jpg 2560w, https:\/\/elpoblenoudebenitatxell.com\/wp-content\/uploads\/2026\/09\/IMG_1562-300x200.jpg 300w, https:\/\/elpoblenoudebenitatxell.com\/wp-content\/uploads\/2026\/09\/IMG_1562-1024x683.jpg 1024w, https:\/\/elpoblenoudebenitatxell.com\/wp-content\/uploads\/2026\/09\/IMG_1562-768x512.jpg 768w, https:\/\/elpoblenoudebenitatxell.com\/wp-content\/uploads\/2026\/09\/IMG_1562-1536x1024.jpg 1536w, https:\/\/elpoblenoudebenitatxell.com\/wp-content\/uploads\/2026\/09\/IMG_1562-2048x1365.jpg 2048w, https:\/\/elpoblenoudebenitatxell.com\/wp-content\/uploads\/2026\/09\/IMG_1562-18x12.jpg 18w\" sizes=\"(max-width: 2560px) 100vw, 2560px\" \/><\/a>\n\t\t\t<\/div><\/figure><figure class='gallery-item'>\n\t\t\t<div class='gallery-icon landscape'>\n\t\t\t\t<a data-elementor-open-lightbox=\"yes\" data-elementor-lightbox-slideshow=\"c8085f6\" data-elementor-lightbox-title=\"IMG_1573\" data-e-action-hash=\"#elementor-action%3Aaction%3Dlightbox%26settings%3DeyJpZCI6Mzc0OTUsInVybCI6Imh0dHBzOlwvXC9lbHBvYmxlbm91ZGViZW5pdGF0eGVsbC5jb21cL3dwLWNvbnRlbnRcL3VwbG9hZHNcLzIwMjZcLzA5XC9JTUdfMTU3My1zY2FsZWQuanBnIiwic2xpZGVzaG93IjoiYzgwODVmNiJ9\" href='https:\/\/elpoblenoudebenitatxell.com\/wp-content\/uploads\/2026\/09\/IMG_1573-scaled.jpg'><img loading=\"lazy\" decoding=\"async\" width=\"2560\" height=\"1707\" src=\"https:\/\/elpoblenoudebenitatxell.com\/wp-content\/uploads\/2026\/09\/IMG_1573-scaled.jpg\" class=\"attachment-full size-full\" alt=\"\" srcset=\"https:\/\/elpoblenoudebenitatxell.com\/wp-content\/uploads\/2026\/09\/IMG_1573-scaled.jpg 2560w, https:\/\/elpoblenoudebenitatxell.com\/wp-content\/uploads\/2026\/09\/IMG_1573-300x200.jpg 300w, https:\/\/elpoblenoudebenitatxell.com\/wp-content\/uploads\/2026\/09\/IMG_1573-1024x683.jpg 1024w, https:\/\/elpoblenoudebenitatxell.com\/wp-content\/uploads\/2026\/09\/IMG_1573-768x512.jpg 768w, https:\/\/elpoblenoudebenitatxell.com\/wp-content\/uploads\/2026\/09\/IMG_1573-1536x1024.jpg 1536w, https:\/\/elpoblenoudebenitatxell.com\/wp-content\/uploads\/2026\/09\/IMG_1573-2048x1365.jpg 2048w, https:\/\/elpoblenoudebenitatxell.com\/wp-content\/uploads\/2026\/09\/IMG_1573-18x12.jpg 18w\" sizes=\"(max-width: 2560px) 100vw, 2560px\" \/><\/a>\n\t\t\t<\/div><\/figure><figure class='gallery-item'>\n\t\t\t<div class='gallery-icon landscape'>\n\t\t\t\t<a data-elementor-open-lightbox=\"yes\" data-elementor-lightbox-slideshow=\"c8085f6\" data-elementor-lightbox-title=\"IMG_1542\" data-e-action-hash=\"#elementor-action%3Aaction%3Dlightbox%26settings%3DeyJpZCI6Mzc0ODQsInVybCI6Imh0dHBzOlwvXC9lbHBvYmxlbm91ZGViZW5pdGF0eGVsbC5jb21cL3dwLWNvbnRlbnRcL3VwbG9hZHNcLzIwMjZcLzA5XC9JTUdfMTU0Mi1zY2FsZWQuanBnIiwic2xpZGVzaG93IjoiYzgwODVmNiJ9\" href='https:\/\/elpoblenoudebenitatxell.com\/wp-content\/uploads\/2026\/09\/IMG_1542-scaled.jpg'><img loading=\"lazy\" decoding=\"async\" width=\"2560\" height=\"1707\" src=\"https:\/\/elpoblenoudebenitatxell.com\/wp-content\/uploads\/2026\/09\/IMG_1542-scaled.jpg\" class=\"attachment-full size-full\" alt=\"\" srcset=\"https:\/\/elpoblenoudebenitatxell.com\/wp-content\/uploads\/2026\/09\/IMG_1542-scaled.jpg 2560w, https:\/\/elpoblenoudebenitatxell.com\/wp-content\/uploads\/2026\/09\/IMG_1542-300x200.jpg 300w, https:\/\/elpoblenoudebenitatxell.com\/wp-content\/uploads\/2026\/09\/IMG_1542-1024x683.jpg 1024w, https:\/\/elpoblenoudebenitatxell.com\/wp-content\/uploads\/2026\/09\/IMG_1542-768x512.jpg 768w, https:\/\/elpoblenoudebenitatxell.com\/wp-content\/uploads\/2026\/09\/IMG_1542-1536x1024.jpg 1536w, https:\/\/elpoblenoudebenitatxell.com\/wp-content\/uploads\/2026\/09\/IMG_1542-2048x1365.jpg 2048w, https:\/\/elpoblenoudebenitatxell.com\/wp-content\/uploads\/2026\/09\/IMG_1542-18x12.jpg 18w\" sizes=\"(max-width: 2560px) 100vw, 2560px\" \/><\/a>\n\t\t\t<\/div><\/figure>\n\t\t<\/div>\n\t\t<\/div>\n\t\t\t\t\t\t<\/div>\n\t\t\t\t\t<\/div>\n\t\t\t\t<\/div>\n\t\t\t\t<\/div>","protected":false},"excerpt":{"rendered":"<p>El Edificio El Puig acogi\u00f3 ayer la \u2018Jornada de Autoprotecci\u00f3n: Prevenci\u00f3n ante los incendios forestales y las emergencias\u2019, organizada por Emerg\u00e8ncies de la Generalitat Valenciana La charla cont\u00f3 con las intervenciones de Mar\u00eda Jos\u00e9 Ivars, concejala de Seguridad Ciudadana; Miriam Gil, directora general de Innovaci\u00f3n en Emergencias; y Ernesto Navarro, de la empresa EMERPROTEC &nbsp; [&hellip;]<\/p>\n","protected":false},"author":3,"featured_media":37498,"comment_status":"closed","ping_status":"closed","sticky":false,"template":"","format":"standard","meta":{"footnotes":""},"categories":[135,77],"tags":[1636,1637,1407,1638,1408],"class_list":["post-37483","post","type-post","status-publish","format-standard","has-post-thumbnail","hentry","category-seguridad-ciudadana","category-general","tag-1636","tag-112-gva","tag-emergencias","tag-jornada-de-autoproteccion-prevencion-ante-los-incendios-forestales-y-las-emergencias","tag-seguridad"],"_links":{"self":[{"href":"https:\/\/elpoblenoudebenitatxell.com\/en\/wp-json\/wp\/v2\/posts\/37483","targetHints":{"allow":["GET"]}}],"collection":[{"href":"https:\/\/elpoblenoudebenitatxell.com\/en\/wp-json\/wp\/v2\/posts"}],"about":[{"href":"https:\/\/elpoblenoudebenitatxell.com\/en\/wp-json\/wp\/v2\/types\/post"}],"author":[{"embeddable":true,"href":"https:\/\/elpoblenoudebenitatxell.com\/en\/wp-json\/wp\/v2\/users\/3"}],"replies":[{"embeddable":true,"href":"https:\/\/elpoblenoudebenitatxell.com\/en\/wp-json\/wp\/v2\/comments?post=37483"}],"version-history":[{"count":1,"href":"https:\/\/elpoblenoudebenitatxell.com\/en\/wp-json\/wp\/v2\/posts\/37483\/revisions"}],"predecessor-version":[{"id":37497,"href":"https:\/\/elpoblenoudebenitatxell.com\/en\/wp-json\/wp\/v2\/posts\/37483\/revisions\/37497"}],"wp:featuredmedia":[{"embeddable":true,"href":"https:\/\/elpoblenoudebenitatxell.com\/en\/wp-json\/wp\/v2\/media\/37498"}],"wp:attachment":[{"href":"https:\/\/elpoblenoudebenitatxell.com\/en\/wp-json\/wp\/v2\/media?parent=37483"}],"wp:term":[{"taxonomy":"category","embeddable":true,"href":"https:\/\/elpoblenoudebenitatxell.com\/en\/wp-json\/wp\/v2\/categories?post=37483"},{"taxonomy":"post_tag","embeddable":true,"href":"https:\/\/elpoblenoudebenitatxell.com\/en\/wp-json\/wp\/v2\/tags?post=37483"}],"curies":[{"name":"wp","href":"https:\/\/api.w.org\/{rel}","templated":true}]}}