{"id":37379,"date":"2026-08-21T13:29:48","date_gmt":"2026-08-21T12:29:48","guid":{"rendered":"https:\/\/elpoblenoudebenitatxell.com\/?p=37379"},"modified":"2026-08-21T13:29:48","modified_gmt":"2026-08-21T12:29:48","slug":"benitatxell-estrena-web-turistica-interactiva-viva-accesible","status":"publish","type":"post","link":"https:\/\/elpoblenoudebenitatxell.com\/en\/benitatxell-estrena-web-turistica-interactiva-viva-accesible\/","title":{"rendered":"Benitatxell estrena una web tur\u00edstica interactiva, viva y plenamente accesible"},"content":{"rendered":"<ul style=\"text-align: justify;\">\n<li><em>El nuevo portal digital centraliza toda la oferta del municipio y consolida la apuesta por la sostenibilidad, la inclusi\u00f3n digital y la marca tur\u00edstica Respira Mediterrani.<\/em><\/li>\n<li>Est\u00e1 dise\u00f1ada para estar en constante actualizaci\u00f3n, integrando en un futuro pr\u00f3ximo datos en tiempo real como el aforo de aparcamientos, datos meteorol\u00f3gicos, sensores tur\u00edsticos, etc.<\/li>\n<\/ul>\n<p>&nbsp;<\/p>\n<p style=\"text-align: justify;\">El Ayuntamiento de El Poble Nou de Benitatxell ha presentado la completa renovaci\u00f3n de su plataforma tur\u00edstica digital (<a href=\"https:\/\/www.turismobenitatxell.es\" target=\"_blank\" rel=\"noopener\"><strong>www.turismobenitatxell.es<\/strong><\/a>), una herramienta vanguardista que transforma la experiencia de residentes y visitantes. Concebida como una ventana interactiva, inclusiva y sostenible, la nueva web se sit\u00faa en el centro de la estrategia de promoci\u00f3n tur\u00edstica e innovaci\u00f3n del destino.<\/p>\n<p style=\"text-align: justify;\">Junto al salto tecnol\u00f3gico, la web supone una importante evoluci\u00f3n en su imagen de marca gracias a un <strong>aspecto visual renovado y modernizado<\/strong>. El portal estrena un dise\u00f1o elegante, fresco y est\u00e9tico, centrado en fotograf\u00edas de gran formato, una interfaz limpia e intuitiva y una cuidada paleta crom\u00e1tica alineada con la marca Respira mediterrani. Esta modernizaci\u00f3n est\u00e9tica no solo realza los encantos del municipio, sino que garantiza una navegaci\u00f3n \u00e1gil, c\u00f3moda y adaptada a cualquier dispositivo m\u00f3vil o pantalla.<\/p>\n<p style=\"text-align: justify;\">Lejos de ser un portal est\u00e1tico, la nueva web ha sido dise\u00f1ada como una <strong>p\u00e1gina abierta y en constante actualizaci\u00f3n<\/strong>. La plataforma nace preparada para albergar datos e informaci\u00f3n en tiempo real que se incorporar\u00e1n en un futuro pr\u00f3ximo, como la disponibilidad y aforo de los parkings municipales, datos meteorol\u00f3gicos o indicadores de flujo de visitantes, afianzando el modelo de Destino Tur\u00edstico Inteligente.<\/p>\n<p style=\"text-align: justify;\"><strong>Accesibilidad adaptable a cada usuario<\/strong><\/p>\n<p style=\"text-align: justify;\">Uno de los pilares m\u00e1s destacados del portal es su <strong>potente sistema de accesibilidad universal adaptativa<\/strong>. Su dise\u00f1o se puede personalizar completamente para que cualquier persona, sin importar sus capacidades f\u00edsicas, visuales, auditivas o cognitivas, o el dispositivo desde el que navegue, pueda entender la web y explorar sus contenidos sin encontrar barreras. Entre sus caracter\u00edsticas incluye perfil seguro para convulsiones, modo para personas con dislexia, lectura asistida, adaptaci\u00f3n de tama\u00f1o de texto y contraste, navegaci\u00f3n por teclado y compatibilidad total con lectores de pantalla.<\/p>\n<p style=\"text-align: justify;\"><strong>Guardado de experiencias y acceso directo v\u00eda QR<\/strong><\/p>\n<p style=\"text-align: justify;\">Para facilitar la planificaci\u00f3n del viaje a medida, permite interactuar y guardar lugares, alojamientos, rutas o planes en el apartado <strong>\u00abMis favoritos\u00bb<\/strong>. Una vez creada esta selecci\u00f3n personalizada, la persona usuaria puede volver a acceder a ella o compartirla directamente con otros dispositivos mediante un enlace o un c\u00f3digo QR generado al instante.<\/p>\n<p style=\"text-align: justify;\">Otra de las principales novedades operativas del nuevo portal es la unificaci\u00f3n y centralizaci\u00f3n de las grandes experiencias tur\u00edsticas del municipio en una \u00fanica plataforma digital, integrando contenidos que anteriormente se encontraban dispersos en p\u00e1ginas externas independientes.<\/p>\n<p style=\"text-align: justify;\">De este modo, los visitantes pueden disfrutar de todas las propuestas sin necesidad de salir de la web principal. Entre ellas destaca <em>Museu al Vent<\/em>, que incorpora directamente en el portal sus rutas audioguiadas, contenidos interpretativos y la experiencia de realidad virtual 360\u00ba para explorar el patrimonio local; <em>Turisme per a Respirar<\/em>, que re\u00fane el cat\u00e1logo completo de audios con las meditaciones guiadas grabadas en parajes emblem\u00e1ticos como la Cala del Moraig o el Morro Roabit; y el proyecto <em>Olimp Ciclista<\/em>, que aglutina las rutas, perfiles topogr\u00e1ficos y servicios especializados para los amantes del cicloturismo.<\/p>\n<p style=\"text-align: justify;\"><strong>El respaldo de la marca Respira mediterrani<\/strong><\/p>\n<p style=\"text-align: justify;\">La plataforma se enmarca de forma estrat\u00e9gica en la marca tur\u00edstica municipal <strong>Respira mediterrani<\/strong>, impulsada por el consistorio para recuperar el relato propio del municipio. Esta propuesta busca alejar a Benitatxell de la masificaci\u00f3n y del simple turismo de sol y playa, poniendo en valor sus ra\u00edces, su pasado agr\u00edcola (los bancales de moscatel, la piedra seca, los <em>riuraus<\/em>), su casco antiguo y el respeto hacia la poblaci\u00f3n local y el medio ambiente.<\/p>\n<p style=\"text-align: justify;\">\u201cEsta nueva web refleja fielmente el modelo de destino que queremos construir: una herramienta viva que pone la innovaci\u00f3n al servicio de la sostenibilidad, la calidad de vida y el respeto por nuestro patrimonio natural e identitario\u201d, ha destacado el concejal de Turismo, <strong>Victor Bisquert<\/strong>. Por su parte, el edil de Nuevas Tecnolog\u00edas, <strong>Javi Cabrera<\/strong>, ha remarcado que \u201cdesde el punto de vista tecnol\u00f3gico hemos dado un salto exponencial al desarrollar una infraestructura abierta, accesible, sin barreras para cualquier persona y capacitada para integrar progresivamente datos en tiempo real que optimicen la gesti\u00f3n municipal\u201d.<\/p>\n<p style=\"text-align: justify;\">Esta actuaci\u00f3n forma parte del <strong>Plan de Sostenibilidad Tur\u00edstica en Destino (PSTD)<\/strong> de El Poble Nou de Benitatxell, financiado por la Uni\u00f3n Europea mediante los fondos <strong>Next Generation EU<\/strong> en el marco del Plan de Recuperaci\u00f3n, Transformaci\u00f3n y Resiliencia del Gobierno de Espa\u00f1a.<\/p>","protected":false},"excerpt":{"rendered":"<p>El nuevo portal digital centraliza toda la oferta del municipio y consolida la apuesta por la sostenibilidad, la inclusi\u00f3n digital y la marca tur\u00edstica Respira Mediterrani. Est\u00e1 dise\u00f1ada para estar en constante actualizaci\u00f3n, integrando en un futuro pr\u00f3ximo datos en tiempo real como el aforo de aparcamientos, datos meteorol\u00f3gicos, sensores tur\u00edsticos, etc. &nbsp; El Ayuntamiento [&hellip;]<\/p>\n","protected":false},"author":3,"featured_media":37380,"comment_status":"closed","ping_status":"closed","sticky":false,"template":"","format":"standard","meta":{"footnotes":""},"categories":[83,132],"tags":[114,113,1632,1630,1631,830,1515,1008],"class_list":["post-37379","post","type-post","status-publish","format-standard","has-post-thumbnail","hentry","category-turismo","category-tecnologia","tag-benitachell","tag-benitatxell","tag-fondos-next-generation-eu","tag-nueva-web-turistica","tag-plan-de-sostenibilidad-turistica-en-destino-pstd","tag-pstd","tag-respira-mediterrani","tag-turisme-benitatxell"],"_links":{"self":[{"href":"https:\/\/elpoblenoudebenitatxell.com\/en\/wp-json\/wp\/v2\/posts\/37379","targetHints":{"allow":["GET"]}}],"collection":[{"href":"https:\/\/elpoblenoudebenitatxell.com\/en\/wp-json\/wp\/v2\/posts"}],"about":[{"href":"https:\/\/elpoblenoudebenitatxell.com\/en\/wp-json\/wp\/v2\/types\/post"}],"author":[{"embeddable":true,"href":"https:\/\/elpoblenoudebenitatxell.com\/en\/wp-json\/wp\/v2\/users\/3"}],"replies":[{"embeddable":true,"href":"https:\/\/elpoblenoudebenitatxell.com\/en\/wp-json\/wp\/v2\/comments?post=37379"}],"version-history":[{"count":1,"href":"https:\/\/elpoblenoudebenitatxell.com\/en\/wp-json\/wp\/v2\/posts\/37379\/revisions"}],"predecessor-version":[{"id":37383,"href":"https:\/\/elpoblenoudebenitatxell.com\/en\/wp-json\/wp\/v2\/posts\/37379\/revisions\/37383"}],"wp:featuredmedia":[{"embeddable":true,"href":"https:\/\/elpoblenoudebenitatxell.com\/en\/wp-json\/wp\/v2\/media\/37380"}],"wp:attachment":[{"href":"https:\/\/elpoblenoudebenitatxell.com\/en\/wp-json\/wp\/v2\/media?parent=37379"}],"wp:term":[{"taxonomy":"category","embeddable":true,"href":"https:\/\/elpoblenoudebenitatxell.com\/en\/wp-json\/wp\/v2\/categories?post=37379"},{"taxonomy":"post_tag","embeddable":true,"href":"https:\/\/elpoblenoudebenitatxell.com\/en\/wp-json\/wp\/v2\/tags?post=37379"}],"curies":[{"name":"wp","href":"https:\/\/api.w.org\/{rel}","templated":true}]}}