{"id":36723,"date":"2026-04-27T15:51:45","date_gmt":"2026-04-27T14:51:45","guid":{"rendered":"https:\/\/elpoblenoudebenitatxell.com\/?p=36723"},"modified":"2026-04-27T15:56:49","modified_gmt":"2026-04-27T14:56:49","slug":"benitatxell-celebra-fiestas-de-la-rosa-del-30-de-abril-al-10-de-mayo","status":"publish","type":"post","link":"https:\/\/elpoblenoudebenitatxell.com\/en\/benitatxell-celebra-fiestas-de-la-rosa-del-30-de-abril-al-10-de-mayo\/","title":{"rendered":"Benitatxell celebra sus fiestas de La Rosa del 30 de abril al 10 de mayo"},"content":{"rendered":"<ul style=\"text-align: justify;\">\n<li><em>La Concejal\u00eda de Fiestas y los festeros han elaborado una intensa programaci\u00f3n de actos, entre los que destacan los divertidos disfraces de San Pancracio o la tradici\u00f3n de los \u201cpans bene\u00efts\u201d<\/em><\/li>\n<\/ul>\n<p>&nbsp;<\/p>\n<p style=\"text-align: justify;\">Este jueves 30 de abril arrancan las tradicionales Fiestas de la Rosa 2026 en El Poble Nou de Benitatxell. La Concejal\u00eda de Fiestas y los festeros han elaborado una intensa programaci\u00f3n de actos, que se extender\u00e1n hasta el 10 de mayo.<\/p>\n<p style=\"text-align: justify;\">Arrancar\u00e1n con misas y triduos a la Virgen de la Rosa (jueves y viernes), un cuentacuentos y una barbacoa con cantacartones, tardeo y discom\u00f3vil Bitsound organizada por los festeros el <strong>viernes 1<\/strong>. Pero la fiesta grande comenzar\u00e1 el <strong>s\u00e1bado 2<\/strong>. Por la ma\u00f1ana habr\u00e1 taller de risa en familia en la Biblioteca y, por la tarde, Ofrenda.<\/p>\n<p style=\"text-align: justify;\">A las 18:30h ser\u00e1 la recogida de las festeras, para posteriormente acudir al Oratorio e iniciar la colorida ofrenda floral a la Virgen de la Rosa. Ni\u00f1os y mayores se encaminar\u00e1n hacia la Iglesia para ofrendarla con sus ramos y arreglos florales acompa\u00f1ados de la Banda de M\u00fasica y la Colla La Llebetj\u00e0. Durante la ofrenda, el Grup de Danses Morro Falqu\u00ed tambi\u00e9n ofrecer\u00e1 sus bailes tradicionales. Por la noche, actuar\u00e1 la orquesta Gravity en la avenida de Val\u00e8ncia.<\/p>\n<p style=\"text-align: justify;\">With the aim of achieving an orderly and organized offering, the Festival Department has asked for the collaboration of neighbors and associations, establishing the following order of departure: Grup de Danses Morro Falqu\u00ed, Colla La Llebetj\u00e0, boys and girls of communion, boys and girls organized in pairs or trios, girls and boys in carts, neighbors who want to make offerings, associations and clubs, partygoers and, to close with their music, the Santa Mar\u00eda Magdalena Music Municipal Group.<\/p>\n<p style=\"text-align: justify;\">Bien esperado es el d\u00eda de La Rosa y su tradici\u00f3n de los \u201cpans bene\u00efts\u201d, una de las m\u00e1s singulares del municipio. Los preparativos est\u00e1n ultim\u00e1ndose con el traslado al Oratorio de los 120 panes que se adornar\u00e1n con rosas y se llevar\u00e1n en canastas hasta la Iglesia el <strong>domingo 3 de mayo<\/strong>, where they will be blessed. Afterwards, accompanied by the Music Band and the Colla La Llebetj\u00e0, a procession made up of festive people, boys and girls from the town will walk the streets with the baskets of blessed bread to distribute the pieces of bread to the neighbors in the houses of the town, those who wait in the doorways with an empty plate.<\/p>\n<p style=\"text-align: justify;\">That same day in the afternoon, at 8:00 p.m., there will be a solemn procession in honor of the Virgin of the Rose, San Pancracio M\u00e1rtir and San Luis. At the end, a bouquet of fireworks will be fired in the Portalet, and at night there will be music in the festive center.<\/p>\n<p style=\"text-align: justify;\">He <strong>monday 4 <\/strong>habr\u00e1 actos religiosos y actividades infantiles por la ma\u00f1ana. Tras la misa en honor a San Pancracio M\u00e1rtir, se nombrar\u00e1 al alcalde o alcaldesa de San Pancracio en el balc\u00f3n del Ayuntamiento, desde donde dictar\u00e1 las normas del disfraz que deber\u00e1n cumplir todos los vecinos y vecinas el pr\u00f3ximo s\u00e1bado 9 en la jornada festiva de disfraces. A las 14:00h habr\u00e1 una paella gigante para todos los asistentes y a las 16:00h actuar\u00e1 Toni Catal\u00e1 en la calle la Pau.<\/p>\n<p style=\"text-align: justify;\">Of the <strong>5 al 10 de mayo<\/strong> habr\u00e1 suelta de vaquillas todas las tardes (excepto s\u00e1bado) en el parking de la avenida de Val\u00e8ncia, y cena a precios populares a cargo de la Pe\u00f1a Taurina y discom\u00f3vil en el recinto taurino el <strong>viernes 8<\/strong>.<\/p>\n<p style=\"text-align: justify;\">Las fiestas continuar\u00e1n el <strong>Saturday 9<\/strong> May with one of the funniest days of the entire year: Saint Pancras and his popular costumes. The day will start with <em>wake up<\/em>, pasacalle informal y cuca\u00f1as para los m\u00e1s peque\u00f1os. A la hora de comer se celebrar\u00e1 el concurso de paellas, con premios de 100, 75 y 50 euros. El pasacalle de disfraces saldr\u00e1 a las 17:00h desde el casal festero. Habr\u00e1 premios de 100, 75 y 50 euros a las mejores creaciones. A partir de las 18:00h habr\u00e1 discom\u00f3vil SOS en la avenida de Val\u00e8ncia, y a las 19:30h, los festeros y festeras repartir\u00e1n bocadillos en el casal festero para todas aquellas personas que cumplan con las normas dictadas por el alcalde o alcaldesa de San Pancracio.<\/p>","protected":false},"excerpt":{"rendered":"<p>La Concejal\u00eda de Fiestas y los festeros han elaborado una intensa programaci\u00f3n de actos, entre los que destacan los divertidos disfraces de San Pancracio o la tradici\u00f3n de los \u201cpans bene\u00efts\u201d &nbsp; Este jueves 30 de abril arrancan las tradicionales Fiestas de la Rosa 2026 en El Poble Nou de Benitatxell. La Concejal\u00eda de Fiestas [&hellip;]<\/p>","protected":false},"author":3,"featured_media":36724,"comment_status":"closed","ping_status":"closed","sticky":false,"template":"","format":"standard","meta":{"footnotes":""},"categories":[126],"tags":[],"class_list":["post-36723","post","type-post","status-publish","format-standard","has-post-thumbnail","hentry","category-fiestas"],"_links":{"self":[{"href":"https:\/\/elpoblenoudebenitatxell.com\/en\/wp-json\/wp\/v2\/posts\/36723","targetHints":{"allow":["GET"]}}],"collection":[{"href":"https:\/\/elpoblenoudebenitatxell.com\/en\/wp-json\/wp\/v2\/posts"}],"about":[{"href":"https:\/\/elpoblenoudebenitatxell.com\/en\/wp-json\/wp\/v2\/types\/post"}],"author":[{"embeddable":true,"href":"https:\/\/elpoblenoudebenitatxell.com\/en\/wp-json\/wp\/v2\/users\/3"}],"replies":[{"embeddable":true,"href":"https:\/\/elpoblenoudebenitatxell.com\/en\/wp-json\/wp\/v2\/comments?post=36723"}],"version-history":[{"count":1,"href":"https:\/\/elpoblenoudebenitatxell.com\/en\/wp-json\/wp\/v2\/posts\/36723\/revisions"}],"predecessor-version":[{"id":36725,"href":"https:\/\/elpoblenoudebenitatxell.com\/en\/wp-json\/wp\/v2\/posts\/36723\/revisions\/36725"}],"wp:featuredmedia":[{"embeddable":true,"href":"https:\/\/elpoblenoudebenitatxell.com\/en\/wp-json\/wp\/v2\/media\/36724"}],"wp:attachment":[{"href":"https:\/\/elpoblenoudebenitatxell.com\/en\/wp-json\/wp\/v2\/media?parent=36723"}],"wp:term":[{"taxonomy":"category","embeddable":true,"href":"https:\/\/elpoblenoudebenitatxell.com\/en\/wp-json\/wp\/v2\/categories?post=36723"},{"taxonomy":"post_tag","embeddable":true,"href":"https:\/\/elpoblenoudebenitatxell.com\/en\/wp-json\/wp\/v2\/tags?post=36723"}],"curies":[{"name":"wp","href":"https:\/\/api.w.org\/{rel}","templated":true}]}}