{"id":36603,"date":"2026-04-01T09:27:14","date_gmt":"2026-04-01T08:27:14","guid":{"rendered":"https:\/\/elpoblenoudebenitatxell.com\/?p=36603"},"modified":"2026-04-01T09:40:45","modified_gmt":"2026-04-01T08:40:45","slug":"comunicado-reapertura-calles-pau-mayor-la-mar","status":"publish","type":"post","link":"https:\/\/elpoblenoudebenitatxell.com\/en\/comunicado-reapertura-calles-pau-mayor-la-mar\/","title":{"rendered":"COMUNICADO: REAPERTURA DE LAS CALLES LA PAU, MAYOR Y LA MAR"},"content":{"rendered":"<p style=\"text-align: justify;\"><strong>Estimados vecinos y vecinas, <\/strong><\/p>\n<p style=\"text-align: justify;\">Nos dirigimos a vosotros para comunicaros que, tras finalizar una etapa fundamental de las obras de reurbanizaci\u00f3n y mejora de nuestro pueblo, el pr\u00f3ximo <strong>jueves 2 de abril<\/strong> se proceder\u00e1 a la <strong>reapertura definitiva al tr\u00e1fico<\/strong> de veh\u00edculos de las <strong>calles la Pau, Mayor y la Mar<\/strong>.<\/p>\n<p style=\"text-align: justify;\">Con estas actuaciones, que se han ce\u00f1ido a los criterios de la subvenci\u00f3n de los fondos europeos DUS 5.000, nuestro n\u00facleo urbano da un salto cualitativo hacia un modelo de pueblo m\u00e1s sostenible y humano. A continuaci\u00f3n, os detallamos las normas de funcionamiento y las recomendaciones para garantizar una buena convivencia:<\/p>\n<p style=\"text-align: justify;\">Queremos recordar que, aun siendo viales de circulaci\u00f3n libre, el dise\u00f1o de plataforma \u00fanica y el car\u00e1cter semipeatonal est\u00e1n pensados prioritariamente para el <strong>vecindario, veh\u00edculos autorizados, usuarios de comercios y tareas de carga y descarga<\/strong>.<\/p>\n<p style=\"text-align: justify;\">Estas <strong>calles no han sido dise\u00f1adas como v\u00edas de paso general<\/strong>, sino como el <strong>coraz\u00f3n de nuestro pueblo<\/strong>. Son espacios concebidos para que los m\u00e1s mayores paseen con tranquilidad, para que los ni\u00f1os y ni\u00f1as vuelvan a jugar en la calle y para recuperar la actividad y la convivencia en nuestras calles y plazas. Por ello, apelamos a vuestra responsabilidad: es imprescindible circular a una <strong>velocidad reducida<\/strong> y adecuada a un entorno donde el peat\u00f3n siempre tiene la preferencia.<\/p>\n<p style=\"text-align: justify;\">Para facilitar <strong>la actividad comercial<\/strong> y las gestiones diarias, se han habilitado zonas espec\u00edficas de <strong>estacionamiento para<\/strong> <strong>clientes y carga y descarga<\/strong>:<\/p>\n<ul style=\"text-align: justify;\">\n<li><strong>Calle la Pau<\/strong>: Entre los n\u00fameros 44 y 46<\/li>\n<li><strong>Calle Mayor<\/strong>: A la altura de los n\u00fameros 47 y 49<\/li>\n<\/ul>\n<p style=\"text-align: justify;\">En ambos casos, el <strong>tiempo m\u00e1ximo de estacionamiento ser\u00e1 de 15 minutos<\/strong>. Pedimos el m\u00e1ximo civismo y respeto por estos l\u00edmites para garantizar la fluidez y que todos los usuarios se puedan beneficiar. Durante las primeras semanas de adaptaci\u00f3n, la <strong>Polic\u00eda Local<\/strong> estar\u00e1 al servicio de la ciudadan\u00eda y realizar\u00e1 una tarea pedag\u00f3gica para <strong>informar y resolver dudas<\/strong> sobre el nuevo funcionamiento.<\/p>\n<p style=\"text-align: justify;\">Como s\u00edmbolo de esta recuperaci\u00f3n del espacio p\u00fablico, el <strong>mercadillo ambulante de los mi\u00e9rcoles<\/strong> vuelve a celebrarse en la <strong>calle la Pau<\/strong> hasta nuevo aviso.<\/p>\n<p style=\"text-align: justify;\">Queremos expresaros nuestro m\u00e1s sincero <strong>agradecimiento por la paciencia, la colaboraci\u00f3n y la comprensi\u00f3n<\/strong> demostradas durante el tiempo que han durado las obras. Somos conscientes de las molestias que cualquier intervenci\u00f3n de esta envergadura genera en el d\u00eda a d\u00eda, pero estamos convencidos de que el resultado nos permitir\u00e1 disfrutar de un Poble Nou de Benitatxell m\u00e1s amable, seguro y moderno. Gracias por ayudarnos a hacer de nuestro pueblo un lugar mejor para vivir.<\/p>","protected":false},"excerpt":{"rendered":"<p>Estimados vecinos y vecinas, Nos dirigimos a vosotros para comunicaros que, tras finalizar una etapa fundamental de las obras de reurbanizaci\u00f3n y mejora de nuestro pueblo, el pr\u00f3ximo jueves 2 de abril se proceder\u00e1 a la reapertura definitiva al tr\u00e1fico de veh\u00edculos de las calles la Pau, Mayor y la Mar. Con estas actuaciones, que [&hellip;]<\/p>","protected":false},"author":3,"featured_media":36604,"comment_status":"closed","ping_status":"closed","sticky":false,"template":"","format":"standard","meta":{"footnotes":""},"categories":[77,130],"tags":[],"class_list":["post-36603","post","type-post","status-publish","format-standard","has-post-thumbnail","hentry","category-general","category-infraestructuras-y-planificacion-urbana"],"_links":{"self":[{"href":"https:\/\/elpoblenoudebenitatxell.com\/en\/wp-json\/wp\/v2\/posts\/36603","targetHints":{"allow":["GET"]}}],"collection":[{"href":"https:\/\/elpoblenoudebenitatxell.com\/en\/wp-json\/wp\/v2\/posts"}],"about":[{"href":"https:\/\/elpoblenoudebenitatxell.com\/en\/wp-json\/wp\/v2\/types\/post"}],"author":[{"embeddable":true,"href":"https:\/\/elpoblenoudebenitatxell.com\/en\/wp-json\/wp\/v2\/users\/3"}],"replies":[{"embeddable":true,"href":"https:\/\/elpoblenoudebenitatxell.com\/en\/wp-json\/wp\/v2\/comments?post=36603"}],"version-history":[{"count":1,"href":"https:\/\/elpoblenoudebenitatxell.com\/en\/wp-json\/wp\/v2\/posts\/36603\/revisions"}],"predecessor-version":[{"id":36605,"href":"https:\/\/elpoblenoudebenitatxell.com\/en\/wp-json\/wp\/v2\/posts\/36603\/revisions\/36605"}],"wp:featuredmedia":[{"embeddable":true,"href":"https:\/\/elpoblenoudebenitatxell.com\/en\/wp-json\/wp\/v2\/media\/36604"}],"wp:attachment":[{"href":"https:\/\/elpoblenoudebenitatxell.com\/en\/wp-json\/wp\/v2\/media?parent=36603"}],"wp:term":[{"taxonomy":"category","embeddable":true,"href":"https:\/\/elpoblenoudebenitatxell.com\/en\/wp-json\/wp\/v2\/categories?post=36603"},{"taxonomy":"post_tag","embeddable":true,"href":"https:\/\/elpoblenoudebenitatxell.com\/en\/wp-json\/wp\/v2\/tags?post=36603"}],"curies":[{"name":"wp","href":"https:\/\/api.w.org\/{rel}","templated":true}]}}