{"id":24515,"date":"2024-07-23T13:03:00","date_gmt":"2024-07-23T11:03:00","guid":{"rendered":"https:\/\/www.poblenou.tuacte.com\/?p=24515"},"modified":"2025-10-23T15:57:28","modified_gmt":"2025-10-23T13:57:28","slug":"benitatxell-inicia-gestion-plan-sostenibilidad-turistica-invertira-2-4-millones-euros","status":"publish","type":"post","link":"https:\/\/elpoblenoudebenitatxell.com\/en\/benitatxell-inicia-gestion-plan-sostenibilidad-turistica-invertira-2-4-millones-euros\/","title":{"rendered":"El Poble Nou de Benitatxell inicia la gesti\u00f3n del Plan de Sostenibilidad Tur\u00edstica, que invertir\u00e1 2,4 millones de euros en el municipio"},"content":{"rendered":"","protected":false},"excerpt":{"rendered":"","protected":false},"author":3,"featured_media":24516,"comment_status":"closed","ping_status":"closed","sticky":false,"template":"","format":"standard","meta":{"footnotes":""},"categories":[83],"tags":[114,113,623,254],"class_list":["post-24515","post","type-post","status-publish","format-standard","has-post-thumbnail","hentry","category-turismo","tag-benitachell","tag-benitatxell","tag-plan-de-sostenibilidad-turistica","tag-turismo"],"_links":{"self":[{"href":"https:\/\/elpoblenoudebenitatxell.com\/en\/wp-json\/wp\/v2\/posts\/24515","targetHints":{"allow":["GET"]}}],"collection":[{"href":"https:\/\/elpoblenoudebenitatxell.com\/en\/wp-json\/wp\/v2\/posts"}],"about":[{"href":"https:\/\/elpoblenoudebenitatxell.com\/en\/wp-json\/wp\/v2\/types\/post"}],"author":[{"embeddable":true,"href":"https:\/\/elpoblenoudebenitatxell.com\/en\/wp-json\/wp\/v2\/users\/3"}],"replies":[{"embeddable":true,"href":"https:\/\/elpoblenoudebenitatxell.com\/en\/wp-json\/wp\/v2\/comments?post=24515"}],"version-history":[{"count":2,"href":"https:\/\/elpoblenoudebenitatxell.com\/en\/wp-json\/wp\/v2\/posts\/24515\/revisions"}],"predecessor-version":[{"id":31868,"href":"https:\/\/elpoblenoudebenitatxell.com\/en\/wp-json\/wp\/v2\/posts\/24515\/revisions\/31868"}],"wp:featuredmedia":[{"embeddable":true,"href":"https:\/\/elpoblenoudebenitatxell.com\/en\/wp-json\/wp\/v2\/media\/24516"}],"wp:attachment":[{"href":"https:\/\/elpoblenoudebenitatxell.com\/en\/wp-json\/wp\/v2\/media?parent=24515"}],"wp:term":[{"taxonomy":"category","embeddable":true,"href":"https:\/\/elpoblenoudebenitatxell.com\/en\/wp-json\/wp\/v2\/categories?post=24515"},{"taxonomy":"post_tag","embeddable":true,"href":"https:\/\/elpoblenoudebenitatxell.com\/en\/wp-json\/wp\/v2\/tags?post=24515"}],"curies":[{"name":"wp","href":"https:\/\/api.w.org\/{rel}","templated":true}]}}