{"id":10047,"date":"2013-09-04T00:00:00","date_gmt":"2013-09-03T22:00:00","guid":{"rendered":"https:\/\/ayuntamientobenitatxell.lookishtg.com\/492-educacion-y-deportes-abren-la-matricula-de-los-cursos-de-formacion-para-adultos-y-deportes\/"},"modified":"2025-10-23T15:54:49","modified_gmt":"2025-10-23T13:54:49","slug":"492-educacion-y-deportes-abren-la-matricula-de-los-cursos-de-formacion-para-adultos-y-deportes","status":"publish","type":"post","link":"https:\/\/elpoblenoudebenitatxell.com\/en\/492-educacion-y-deportes-abren-la-matricula-de-los-cursos-de-formacion-para-adultos-y-deportes\/","title":{"rendered":"Educaci\u00f3n y Deportes abren la matr\u00edcula de los cursos de formaci\u00f3n para adultos y deportes"},"content":{"rendered":"","protected":false},"excerpt":{"rendered":"","protected":false},"author":14,"featured_media":0,"comment_status":"closed","ping_status":"closed","sticky":false,"template":"","format":"standard","meta":{"footnotes":""},"categories":[77],"tags":[],"class_list":["post-10047","post","type-post","status-publish","format-standard","hentry","category-general"],"_links":{"self":[{"href":"https:\/\/elpoblenoudebenitatxell.com\/en\/wp-json\/wp\/v2\/posts\/10047","targetHints":{"allow":["GET"]}}],"collection":[{"href":"https:\/\/elpoblenoudebenitatxell.com\/en\/wp-json\/wp\/v2\/posts"}],"about":[{"href":"https:\/\/elpoblenoudebenitatxell.com\/en\/wp-json\/wp\/v2\/types\/post"}],"author":[{"embeddable":true,"href":"https:\/\/elpoblenoudebenitatxell.com\/en\/wp-json\/wp\/v2\/users\/14"}],"replies":[{"embeddable":true,"href":"https:\/\/elpoblenoudebenitatxell.com\/en\/wp-json\/wp\/v2\/comments?post=10047"}],"version-history":[{"count":1,"href":"https:\/\/elpoblenoudebenitatxell.com\/en\/wp-json\/wp\/v2\/posts\/10047\/revisions"}],"predecessor-version":[{"id":30176,"href":"https:\/\/elpoblenoudebenitatxell.com\/en\/wp-json\/wp\/v2\/posts\/10047\/revisions\/30176"}],"wp:attachment":[{"href":"https:\/\/elpoblenoudebenitatxell.com\/en\/wp-json\/wp\/v2\/media?parent=10047"}],"wp:term":[{"taxonomy":"category","embeddable":true,"href":"https:\/\/elpoblenoudebenitatxell.com\/en\/wp-json\/wp\/v2\/categories?post=10047"},{"taxonomy":"post_tag","embeddable":true,"href":"https:\/\/elpoblenoudebenitatxell.com\/en\/wp-json\/wp\/v2\/tags?post=10047"}],"curies":[{"name":"wp","href":"https:\/\/api.w.org\/{rel}","templated":true}]}}